{"id":8673,"date":"2025-05-02T12:56:03","date_gmt":"2025-05-02T12:56:03","guid":{"rendered":"https:\/\/www.wikiesfera.org\/?p=8673"},"modified":"2025-09-09T18:05:04","modified_gmt":"2025-09-09T18:05:04","slug":"wikiesfera-forma-parte-de-wikimedia-europa-wmeu","status":"publish","type":"post","link":"https:\/\/www.wikiesfera.org\/es\/2025\/05\/02\/wikiesfera-forma-parte-de-wikimedia-europa-wmeu\/","title":{"rendered":"Wikiesfera forma parte de Wikimedia Europa (WMEU)"},"content":{"rendered":"\n<p>Nuestra relaci\u00f3n con <strong><a href=\"https:\/\/meta.wikimedia.org\/wiki\/Wikimedia_Europe\">Wikimedia Europa (WMEU)<\/a><\/strong> comenz\u00f3 en 2022, cuando <a href=\"https:\/\/es.wikipedia.org\/wiki\/Usuaria:Lalviarez\"><strong>Liliana Alvi\u00e1rez<\/strong><\/a>, como parte del equipo motor de Wikiesfera asisti\u00f3 al&nbsp;<strong><a href=\"https:\/\/www.wikiesfera.org\/es\/2022\/09\/12\/wikimedia-summit-2022-en-berlin\/\">Wikimedia Summit&nbsp;en Berl\u00edn<\/a><\/strong>, donde se realiz\u00f3 la primera reuni\u00f3n con los miembros interesados en formalizar este colectivo que fue reconocido por la Fundaci\u00f3n Wikimedia en enero de 2023.<\/p>\n\n\n\n<p>Sin embargo, no fue hasta <strong><a href=\"https:\/\/meta.wikimedia.org\/wiki\/Wikimedia_Europe\/Members\">marzo de 2025 que Wikiesfera pas\u00f3 a formar parte como miembro de pleno derecho<\/a><\/strong>, una vez que cumplimos con el requisito de estar constituidas legalmente como asociaci\u00f3n. Estamos seguras de que este paso nos ayudar\u00e1 a explorar otros espacios dentro del movimiento, desde una perspectiva feminista y comprometida con la equidad del conocimiento.<\/p>\n\n\n\n<figure class=\"wp-block-image size-large\"><img fetchpriority=\"high\" decoding=\"async\" width=\"1024\" height=\"544\" src=\"https:\/\/www.wikiesfera.org\/wp-content\/uploads\/2025\/04\/Cabecera-BLOG-4-1024x544.jpg\" alt=\"\" class=\"wp-image-8719\" srcset=\"https:\/\/www.wikiesfera.org\/wp-content\/uploads\/2025\/04\/Cabecera-BLOG-4-1024x544.jpg 1024w, https:\/\/www.wikiesfera.org\/wp-content\/uploads\/2025\/04\/Cabecera-BLOG-4-300x159.jpg 300w, https:\/\/www.wikiesfera.org\/wp-content\/uploads\/2025\/04\/Cabecera-BLOG-4-768x408.jpg 768w, https:\/\/www.wikiesfera.org\/wp-content\/uploads\/2025\/04\/Cabecera-BLOG-4-18x10.jpg 18w, https:\/\/www.wikiesfera.org\/wp-content\/uploads\/2025\/04\/Cabecera-BLOG-4-150x80.jpg 150w, https:\/\/www.wikiesfera.org\/wp-content\/uploads\/2025\/04\/Cabecera-BLOG-4-640x340.jpg 640w, https:\/\/www.wikiesfera.org\/wp-content\/uploads\/2025\/04\/Cabecera-BLOG-4-400x213.jpg 400w, https:\/\/www.wikiesfera.org\/wp-content\/uploads\/2025\/04\/Cabecera-BLOG-4.jpg 1280w\" sizes=\"(max-width: 1024px) 100vw, 1024px\" \/><figcaption class=\"wp-element-caption\"><em>Foto de John Andersson (WMSE) | CC BY-SA 4.0<\/em><\/figcaption><\/figure>\n\n\n\n<p><\/p>\n\n\n\n<p>Como parte de nuestra incorporaci\u00f3n <strong><a href=\"https:\/\/meta.wikimedia.org\/wiki\/Wikimedia_Europe\/Board_Elections_2025\">participamos en las votaciones de la nueva junta directiva <em>(board)<\/em> de WMEU para los pr\u00f3ximos dos a\u00f1os<\/a><\/strong>, realizadas durante abril de 2025. Felicitamos a las nuevas personas electas y reconocemos el compromiso de quienes han sido parte, as\u00ed como el esfuerzo del equipo organizador para garantizar un proceso transparente, participativo y seguro.<\/p>\n\n\n\n<p>El siguiente paso fue participar por primera vez en la <strong><a href=\"https:\/\/meta.wikimedia.org\/wiki\/Wikimedia_Europe\/General_Assembly\/2025\">Asamblea General de Wikimedia Europa<\/a><\/strong> celebrada el pasado 25 y 26 de abril de 2025 en Praga, a la que asisti\u00f3 nuestra representante Liliana Alvi\u00e1rez. Este encuentro anual re\u00fane a los m\u00e1s de 30 afiliados de grupos de usuarios, organizaciones tem\u00e1ticas y cap\u00edtulos europeos para tomar decisiones colectivas, intercambiar aprendizajes y fortalecer a las comunidades miembro, y en conjunto, a los wikimedistas de Europa.<\/p>\n\n\n\n<p>Durante la asamblea, participamos en diversas sesiones que nos permitieron <strong>conectar y dialogar con otras afiliadas<\/strong>. Este encuentro fue el escenario para el proceso de <strong>revisi\u00f3n de la estrategia de WMEU<\/strong>, en la que <strong>pudimos hacer nuestras primeras contribuciones<\/strong> en un <strong>ejercicio colectivo<\/strong> para definir el rumbo y las prioridades de los pr\u00f3ximos a\u00f1os. Adem\u00e1s, la participaci\u00f3n en la sesi\u00f3n \u00abEstructura de identidad de los miembros de WMEU\u00bb, nos ayud\u00f3 a compartir c\u00f3mo partiendo desde valores y misiones individuales construimos esta red.<\/p>\n\n\n\n<figure class=\"wp-block-image size-large\"><img decoding=\"async\" width=\"1024\" height=\"544\" src=\"https:\/\/www.wikiesfera.org\/wp-content\/uploads\/2025\/04\/Cabecera-BLOG-1024x544.jpg\" alt=\"\" class=\"wp-image-8717\" srcset=\"https:\/\/www.wikiesfera.org\/wp-content\/uploads\/2025\/04\/Cabecera-BLOG-1024x544.jpg 1024w, https:\/\/www.wikiesfera.org\/wp-content\/uploads\/2025\/04\/Cabecera-BLOG-300x159.jpg 300w, https:\/\/www.wikiesfera.org\/wp-content\/uploads\/2025\/04\/Cabecera-BLOG-768x408.jpg 768w, https:\/\/www.wikiesfera.org\/wp-content\/uploads\/2025\/04\/Cabecera-BLOG-18x10.jpg 18w, https:\/\/www.wikiesfera.org\/wp-content\/uploads\/2025\/04\/Cabecera-BLOG-150x80.jpg 150w, https:\/\/www.wikiesfera.org\/wp-content\/uploads\/2025\/04\/Cabecera-BLOG-640x340.jpg 640w, https:\/\/www.wikiesfera.org\/wp-content\/uploads\/2025\/04\/Cabecera-BLOG-400x213.jpg 400w, https:\/\/www.wikiesfera.org\/wp-content\/uploads\/2025\/04\/Cabecera-BLOG.jpg 1280w\" sizes=\"(max-width: 1024px) 100vw, 1024px\" \/><figcaption class=\"wp-element-caption\"><em>Foto de Liliana Alvi\u00e1rez | CC BY-SA 4.0<\/em><\/figcaption><\/figure>\n\n\n\n<p><\/p>\n\n\n\n<p>Tambi\u00e9n pudimos conocer informaci\u00f3n \u00fatil sobre <strong>c\u00f3mo desarrollar proyectos financiados a trav\u00e9s de subvenciones dentro del \u00e1mbito europeo<\/strong>, fuera del entorno de la Fundaci\u00f3n Wikimedia. Esta sesi\u00f3n, basada en proyectos en marcha, nos ofreci\u00f3 ideas y contactos que pueden ayudarnos a <strong>explorar nuevas v\u00edas de sostenibilidad para Wikiesfera<\/strong>. Igualmente asistimos a sesiones dedicadas a entender c\u00f3mo la <strong>normativa legal y las pr\u00e1cticas comunitarias<\/strong> pueden influir y mejorar el impacto de WMEU, as\u00ed como, otras dedicadas a profundizar sobre c\u00f3mo la <strong>Inteligencia Artificial generativa<\/strong> convive con los proyectos Wikimedia.<\/p>\n\n\n\n<figure class=\"wp-block-image size-large\"><img decoding=\"async\" width=\"1024\" height=\"544\" src=\"https:\/\/www.wikiesfera.org\/wp-content\/uploads\/2025\/04\/Cabecera-BLOG-2-1024x544.png\" alt=\"\" class=\"wp-image-8751\" srcset=\"https:\/\/www.wikiesfera.org\/wp-content\/uploads\/2025\/04\/Cabecera-BLOG-2-1024x544.png 1024w, https:\/\/www.wikiesfera.org\/wp-content\/uploads\/2025\/04\/Cabecera-BLOG-2-300x159.png 300w, https:\/\/www.wikiesfera.org\/wp-content\/uploads\/2025\/04\/Cabecera-BLOG-2-768x408.png 768w, https:\/\/www.wikiesfera.org\/wp-content\/uploads\/2025\/04\/Cabecera-BLOG-2-18x10.png 18w, https:\/\/www.wikiesfera.org\/wp-content\/uploads\/2025\/04\/Cabecera-BLOG-2-150x80.png 150w, https:\/\/www.wikiesfera.org\/wp-content\/uploads\/2025\/04\/Cabecera-BLOG-2-640x340.png 640w, https:\/\/www.wikiesfera.org\/wp-content\/uploads\/2025\/04\/Cabecera-BLOG-2-400x213.png 400w, https:\/\/www.wikiesfera.org\/wp-content\/uploads\/2025\/04\/Cabecera-BLOG-2.png 1280w\" sizes=\"(max-width: 1024px) 100vw, 1024px\" \/><figcaption class=\"wp-element-caption\"><em>Foto de \u0160t\u011bp\u00e1n Lohr | CC BY-SA 4.0<\/em><\/figcaption><\/figure>\n\n\n\n<figure class=\"wp-block-image size-large\"><img loading=\"lazy\" decoding=\"async\" width=\"1024\" height=\"544\" src=\"https:\/\/www.wikiesfera.org\/wp-content\/uploads\/2025\/05\/Cabecera-BLOG-4-1024x544.png\" alt=\"\" class=\"wp-image-8755\" srcset=\"https:\/\/www.wikiesfera.org\/wp-content\/uploads\/2025\/05\/Cabecera-BLOG-4-1024x544.png 1024w, https:\/\/www.wikiesfera.org\/wp-content\/uploads\/2025\/05\/Cabecera-BLOG-4-300x159.png 300w, https:\/\/www.wikiesfera.org\/wp-content\/uploads\/2025\/05\/Cabecera-BLOG-4-768x408.png 768w, https:\/\/www.wikiesfera.org\/wp-content\/uploads\/2025\/05\/Cabecera-BLOG-4-18x10.png 18w, https:\/\/www.wikiesfera.org\/wp-content\/uploads\/2025\/05\/Cabecera-BLOG-4-150x80.png 150w, https:\/\/www.wikiesfera.org\/wp-content\/uploads\/2025\/05\/Cabecera-BLOG-4-640x340.png 640w, https:\/\/www.wikiesfera.org\/wp-content\/uploads\/2025\/05\/Cabecera-BLOG-4-400x213.png 400w, https:\/\/www.wikiesfera.org\/wp-content\/uploads\/2025\/05\/Cabecera-BLOG-4.png 1280w\" sizes=\"(max-width: 1024px) 100vw, 1024px\" \/><figcaption class=\"wp-element-caption\"><em>Foto de \u0160t\u011bp\u00e1n Lohr | CC BY-SA 4.0<\/em><\/figcaption><\/figure>\n\n\n\n<p><\/p>\n\n\n\n<p>Queremos <strong>agradecer al equipo de Wikimedia Europa por el acompa\u00f1amiento durante nuestro proceso de incorporaci\u00f3n<\/strong> en el que adem\u00e1s ha participado por parte de Wikiesfera, nuestra compa\u00f1era <strong>Mar\u00eda Sefidari<\/strong>; y por la bienvenida en nuestra primera asamblea general, en especial a Anna Mazgal, Valentina Calcagno, Van Anh Dam, Claudia Gar\u00e1d y Erkida Pema. <\/p>\n\n\n\n<p>Participar en este proceso y en el encuentro ha sido muy positivo para nosotras y refuerza nuestro compromiso con construir redes que hagan al movimiento Wikimedia m\u00e1s inclusivo, colaborativo y justo.<\/p>\n","protected":false},"excerpt":{"rendered":"<p>Cr\u00f3nica sobre el proceso de incorporaci\u00f3n de Wikiesfera a WMEU y participaci\u00f3n en la Asamblea General de 2025.<\/p>\n","protected":false},"author":1,"featured_media":8716,"comment_status":"closed","ping_status":"closed","sticky":false,"template":"","format":"standard","meta":{"_coblocks_attr":"","_coblocks_dimensions":"","_coblocks_responsive_height":"","_coblocks_accordion_ie_support":"","footnotes":""},"categories":[378],"tags":[195],"class_list":["post-8673","post","type-post","status-publish","format-standard","has-post-thumbnail","hentry","category-noticias","tag-encuentros-de-wikipedistas","loop-entry clr"],"_links":{"self":[{"href":"https:\/\/www.wikiesfera.org\/es\/wp-json\/wp\/v2\/posts\/8673","targetHints":{"allow":["GET"]}}],"collection":[{"href":"https:\/\/www.wikiesfera.org\/es\/wp-json\/wp\/v2\/posts"}],"about":[{"href":"https:\/\/www.wikiesfera.org\/es\/wp-json\/wp\/v2\/types\/post"}],"author":[{"embeddable":true,"href":"https:\/\/www.wikiesfera.org\/es\/wp-json\/wp\/v2\/users\/1"}],"replies":[{"embeddable":true,"href":"https:\/\/www.wikiesfera.org\/es\/wp-json\/wp\/v2\/comments?post=8673"}],"version-history":[{"count":25,"href":"https:\/\/www.wikiesfera.org\/es\/wp-json\/wp\/v2\/posts\/8673\/revisions"}],"predecessor-version":[{"id":8765,"href":"https:\/\/www.wikiesfera.org\/es\/wp-json\/wp\/v2\/posts\/8673\/revisions\/8765"}],"wp:featuredmedia":[{"embeddable":true,"href":"https:\/\/www.wikiesfera.org\/es\/wp-json\/wp\/v2\/media\/8716"}],"wp:attachment":[{"href":"https:\/\/www.wikiesfera.org\/es\/wp-json\/wp\/v2\/media?parent=8673"}],"wp:term":[{"taxonomy":"category","embeddable":true,"href":"https:\/\/www.wikiesfera.org\/es\/wp-json\/wp\/v2\/categories?post=8673"},{"taxonomy":"post_tag","embeddable":true,"href":"https:\/\/www.wikiesfera.org\/es\/wp-json\/wp\/v2\/tags?post=8673"}],"curies":[{"name":"wp","href":"https:\/\/api.w.org\/{rel}","templated":true}]}}