{"id":8605,"date":"2025-05-01T12:45:35","date_gmt":"2025-05-01T12:45:35","guid":{"rendered":"https:\/\/www.wikiesfera.org\/?p=8605"},"modified":"2025-05-18T20:12:42","modified_gmt":"2025-05-18T20:12:42","slug":"mayo-2025","status":"publish","type":"post","link":"https:\/\/www.wikiesfera.org\/es\/2025\/05\/01\/mayo-2025\/","title":{"rendered":"MAYO 2025"},"content":{"rendered":"\n<p>Os dejamos por aqu\u00ed la informaci\u00f3n de los <strong>eventos y reuniones de Wikiesfera y sus nodos del mes de mayo de 2025<\/strong>. Si ten\u00e9is cualquier pregunta, pod\u00e9is escribirnos a <a href=\"mailto:info@wikiesfera.org\" target=\"_blank\" rel=\"noreferrer noopener\">info@wikiesfera.org<\/a>.<\/p>\n\n\n\n<h1 id=\"eventos\" class=\"wp-block-heading\"><strong>[ Eventos ]<\/strong><\/h1>\n\n\n\n<h2 id=\"editatona-mujeres-de-zarzuela-3m\" class=\"wp-block-heading\"><strong>Editatona Mujeres de Zarzuela #3M<\/strong><\/h2>\n\n\n\n<ul class=\"wp-block-list\">\n<li>&#x2705; Colabora: Teatro de la Zarzuela<\/li>\n\n\n\n<li>&#x1f4c6; S\u00e1bado&nbsp;<strong>3 de mayo<\/strong>&nbsp;| 11:00-14:00 horas<\/li>\n\n\n\n<li>&#x1f4cd;Virtual<\/li>\n<\/ul>\n\n\n\n<h2 id=\"taller-primeros-pasos-en-wikipedia\" class=\"wp-block-heading\"><strong><a href=\"https:\/\/bibliotecas.madrid.es\/portales\/bibliotecas\/es\/Informacion-y-servicios\/Busca-tu-biblioteca\/Primeros-pasos-en-Wikipedia\/?vgnextfmt=default&amp;vgnextoid=edb2dedac5936910VgnVCM2000001f4a900aRCRD&amp;vgnextchannel=200b8e7a1f1d3510VgnVCM1000008a4a900aRCRD\">Taller primeros pasos en Wikipedia<\/a><\/strong><\/h2>\n\n\n\n<ul class=\"wp-block-list\">\n<li>&#x2705; Colabora: Biblioteca P\u00fablica Municipal San Ferm\u00edn y los Espacios de Igualdad Berta C\u00e1ceres, Clara Campoamor y Juana Do\u00f1a.<\/li>\n\n\n\n<li>&#x1f4c6; S\u00e1bado&nbsp;<strong>6 de mayo<\/strong>&nbsp;| 17:00-19:00 horas<\/li>\n\n\n\n<li>&#x1f4cd; Biblioteca P\u00fablica Municipal San Ferm\u00edn | Avenida San Ferm\u00edn 10 | 28041 <strong>Madrid<\/strong><\/li>\n\n\n\n<li>&#x1f9d1;&#x1f3fb;&#x200d;&#x1f4bc; Coordinadora: Encina Villanueva<\/li>\n\n\n\n<li>&#x270f;&#xfe0f;&nbsp;<a href=\"https:\/\/forms.office.com\/e\/z311s0pZw5\">INSCRIPCI\u00d3N<\/a><\/li>\n<\/ul>\n\n\n\n<h2 id=\"wikipedia-y-la-resistencia-digital-activismo-y-redes-en-la-era-del-control-corporativo\" class=\"wp-block-heading\"><strong><strong>Wikipedia y la resistencia digital: activismo y redes en la era del control corporativo<\/strong><\/strong><\/h2>\n\n\n\n<ul class=\"wp-block-list\">\n<li>&#x2705; Colabora: Comisi\u00f3n de Igualdad Facultad de Qu\u00edmica UV.<\/li>\n\n\n\n<li>&#x1f4c6; Jueves&nbsp;<strong>8 de mayo<\/strong>&nbsp;| 12:00-13:30 horas<\/li>\n\n\n\n<li>&#x1f4cd; Universitat de Val\u00e8ncia | Carrer del Dr. Moliner 50 | 46100 Burjassot&nbsp;<strong>VALENCIA<\/strong><\/li>\n\n\n\n<li>&#x1f9d1;&#x1f3fb;&#x200d;&#x1f4bc; Ponente: Patricia Horrillo<\/li>\n<\/ul>\n\n\n\n<h2 id=\"de-twitter-a-x-resistencia-digital-y-futuro-de-una-internet-abierta-frente-al-tecnofeudalismo\" class=\"wp-block-heading\"><strong>De Twitter a X: Resistencia digital y futuro de una Internet abierta frente al tecnofeudalismo<\/strong><\/h2>\n\n\n\n<ul class=\"wp-block-list\">\n<li>&#x2705; Colabora: Facultad de econom\u00eda y empresa<\/li>\n\n\n\n<li>&#x1f4c6; Mi\u00e9rcoles&nbsp;<strong>14 de mayo<\/strong>&nbsp;| 19:00-20:30 horas<\/li>\n\n\n\n<li>&#x1f4cd;Universidad de Murcia | C. Campus Universitario, s\/n, Edificio 2 | 30100&nbsp;<strong>MURCIA<\/strong><\/li>\n\n\n\n<li>&#x1f9d1;&#x1f3fb;&#x200d;&#x1f4bc; Ponente: Patricia Horrillo<\/li>\n<\/ul>\n\n\n\n<h2 id=\"campana-de-mujeres-en-oficios-tradicionales-2025\" class=\"wp-block-heading\"><strong><strong><a href=\"https:\/\/meta.wikimedia.org\/wiki\/Event:Campa\u00f1a_de_mujeres_en_oficios_tradicionales_2025\">Campa\u00f1a de mujeres en oficios tradicionales 2025<\/a><\/strong><\/strong><\/h2>\n\n\n\n<ul class=\"wp-block-list\">\n<li>&#x1f4c6; Viernes&nbsp;<strong>16 de mayo<\/strong>&nbsp;&#8211; S\u00e1bado&nbsp;<strong>31 de mayo<\/strong><\/li>\n\n\n\n<li>&#x1f4cd;ONLINE y as\u00edncrona<\/li>\n\n\n\n<li>&#x270f;&#xfe0f;&nbsp;<a href=\"https:\/\/meta.wikimedia.org\/wiki\/Special:RegisterForEvent\/1624\">INSCRIPCI\u00d3N<\/a><\/li>\n<\/ul>\n\n\n\n<h2 id=\"editatona-de-mujeres-muralistas-17m\" class=\"wp-block-heading\"><a href=\"https:\/\/www.wikiesfera.org\/es\/2025\/04\/29\/editatona-de-mujeres-muralistas-17m\/\"><strong>Editatona de mujeres muralistas #17M<\/strong><\/a><\/h2>\n\n\n\n<ul class=\"wp-block-list\">\n<li>&#x2705; Colabora: Medialab Matadero<\/li>\n\n\n\n<li>&#x1f4c6; S\u00e1bado&nbsp;<strong>17 de mayo <\/strong>| 11:00-14:00 horas<\/li>\n\n\n\n<li>&#x1f4cd; Medialab Matadero [Terrario] | Paseo de la Chopera 14 | 28045 <strong>Madrid<\/strong><\/li>\n\n\n\n<li>&#x1f9d1;&#x1f3fb;&#x200d;&#x1f4bc; Ponente: D\u00fao Amazonas<\/li>\n\n\n\n<li>&#x270f;&#xfe0f;&nbsp;<a href=\"https:\/\/docs.google.com\/forms\/d\/e\/1FAIpQLSfHC232GxPSXAGWQwqzruhCjrxCmlXOJqQkIpphlhGqH9VqTw\/viewform?usp=share_link\">INSCRIPCI\u00d3N<\/a><\/li>\n<\/ul>\n\n\n\n<h2 id=\"editatona-de-dramaturgas-y-directoras-de-escena-19m\" class=\"wp-block-heading\"><strong><a href=\"https:\/\/www.wikiesfera.org\/es\/2025\/04\/30\/editatona-de-dramaturgas-y-directoras-de-escena-19m\/\">Editatona de dramaturgas y directoras de escena #19M<\/a><\/strong><\/h2>\n\n\n\n<ul class=\"wp-block-list\">\n<li>&#x1f4c6; Lunes&nbsp;<strong>19 de mayo<\/strong>&nbsp;| 18:00-20:30 horas<\/li>\n\n\n\n<li>&#x1f4cd; Librer\u00eda La Fabulosa | Calle de Barco 40 | 28004&nbsp;<strong>MADRID<\/strong><\/li>\n\n\n\n<li>&#x1f9d1;&#x1f3fb;&#x200d;&#x1f4bc; Invitada: Mar\u00eda Folguera<\/li>\n\n\n\n<li>&#x270f;&#xfe0f;&nbsp;<a href=\"https:\/\/docs.google.com\/forms\/d\/e\/1FAIpQLSc2Cg8J5xYKxTIG2KikxQVyo8XGPoXlNmn3BmU8IKeVS7fBUg\/viewform\">INSCRIPCI\u00d3N<\/a><\/li>\n<\/ul>\n\n\n\n<hr class=\"wp-block-separator has-alpha-channel-opacity\"\/>\n\n\n\n<h1 id=\"reuniones\" class=\"wp-block-heading\"><strong>[ Reuniones ]<\/strong><\/h1>\n\n\n\n<h2 id=\"presencialesnbspde-wikiesfera-ennbspmadrid\" class=\"wp-block-heading\"><strong><u>PRESENCIALES<\/u> <\/strong>de <strong>Wikiesfera<\/strong> en <strong>MADRID<\/strong><\/h2>\n\n\n\n<ul class=\"wp-block-list\">\n<li><a href=\"https:\/\/emojipedia.org\/calendar\/\">&#x1f4c5;<\/a>&nbsp;LUNES&nbsp;<strong>5, 12 y 26 de mayo<\/strong>&nbsp;| 18:00-20:30 horas&nbsp;<strong>[nuevo horario]<\/strong><\/li>\n\n\n\n<li>&#x1f4cd;&nbsp;Librer\u00eda&nbsp;La Fabulosa | C\/ Barco 40. 28004 Madrid<\/li>\n\n\n\n<li>&#x2753;&nbsp;Abiertas y&nbsp;SIN INSCRIPCI\u00d3N<\/li>\n\n\n\n<li>&#x1f4bb;&nbsp;Necesitas&nbsp;TRAER TU PORT\u00c1TIL<\/li>\n<\/ul>\n\n\n\n<h2 id=\"virtualesnbspde-wikiesfera\" class=\"wp-block-heading\"><strong><u>VIRTUALES<\/u> <\/strong>de <strong>Wikiesfera<\/strong><\/h2>\n\n\n\n<ul class=\"wp-block-list\">\n<li><a href=\"https:\/\/emojipedia.org\/calendar\/\">&#x1f4c5;<\/a>&nbsp;MI\u00c9RCOLES&nbsp;<strong>7 y 21 de mayo<\/strong>&nbsp;| 18:00-20:00 horas&nbsp;<strong>[nuevo horario]<\/strong><\/li>\n\n\n\n<li>&#x1f4cd;&nbsp;<strong>ZOOM<\/strong> claves en <a href=\"mailto:info@wikiesfera.org\">info@wikiesfera.org<\/a>.<\/li>\n\n\n\n<li>&#x1f4bb; <strong>[IMPORTANTE]<\/strong>: Si es la primera vez que te conectas mira&nbsp;<strong><a href=\"https:\/\/www.wikiesfera.org\/primeros-pasos\/\">esta informaci\u00f3n<\/a><\/strong>.<\/li>\n<\/ul>\n\n\n\n<h2 id=\"presencialesnbspde-wikiaragonnbspennbspzaragoza\" class=\"wp-block-heading\"><strong><span style=\"text-decoration: underline;\">PRESENCIALES<\/span> <\/strong>de<strong> WikiArag\u00f3n <\/strong>en <strong>ZARAGOZA<\/strong><\/h2>\n\n\n\n<ul class=\"wp-block-list\">\n<li><a href=\"https:\/\/emojipedia.org\/calendar\/\">&#x1f4c5;<\/a>&nbsp;LUNES&nbsp;<strong>5 de mayo<\/strong>&nbsp;| 17:00-19:00 horas<\/li>\n\n\n\n<li>&#x1f4cd; LAAAB de Arag\u00f3n | Plaza del Pilar, 3 | 50003 Zaragoza<\/li>\n\n\n\n<li>&#x2709;&#xfe0f; contacto: <a href=\"mailto:wikiaragon@wikiesfera.org\" target=\"_blank\" rel=\"noreferrer noopener\">wikiaragon@wikiesfera.org<\/a><\/li>\n\n\n\n<li>&#x2753;&nbsp;Abiertas y&nbsp;SIN INSCRIPCI\u00d3N<\/li>\n\n\n\n<li>&#x1f4bb;&nbsp;Necesitas&nbsp;TRAER TU PORT\u00c1TIL<\/li>\n<\/ul>\n\n\n\n<h2 id=\"presencialesnbspde-wikimoradanbspennbspvigo\" class=\"wp-block-heading\"><strong><span style=\"text-decoration: underline;\">PRESENCIALES<\/span> <\/strong>de<strong> WikiMorada <\/strong>en <strong>VIGO<\/strong><\/h2>\n\n\n\n<ul class=\"wp-block-list\">\n<li><a href=\"https:\/\/emojipedia.org\/calendar\/\">&#x1f4c5;<\/a>&nbsp;MARTES&nbsp;<strong>6 de mayo<\/strong>&nbsp;| 18:00-21:00 horas<\/li>\n\n\n\n<li>&#x1f4cd; Amorada Cooperativa | R. Enrique X. Mac\u00edas, 6, Freijeiro | 36203 Vigo<\/li>\n\n\n\n<li>&#x2709;&#xfe0f; contacto: <a href=\"mailto:wikimorada@wikiesfera.org\" target=\"_blank\" rel=\"noreferrer noopener\">wikimorada@wikiesfera.org<\/a><\/li>\n\n\n\n<li>&#x2753;&nbsp;Abiertas y&nbsp;SIN INSCRIPCI\u00d3N<\/li>\n\n\n\n<li>&#x1f4bb;&nbsp;Necesitas&nbsp;TRAER TU PORT\u00c1TIL<\/li>\n<\/ul>\n\n\n\n<h2 id=\"presencialesnbspde-wikiasturianes-en-gijon\" class=\"wp-block-heading\"><strong><span style=\"text-decoration: underline;\">PRESENCIALES<\/span> <\/strong>de<strong> <\/strong>WikiAsturianes en <strong>GIJ\u00d3N<\/strong><\/h2>\n\n\n\n<ul class=\"wp-block-list\">\n<li>&#x1f4c6; MARTES&nbsp;<strong>27 de mayo*&nbsp;<\/strong>(pendiente de confirmaci\u00f3n)&nbsp;| 16:00-20:00 horas<\/li>\n\n\n\n<li>&#x1f4cd; CMI El Coto | Plaza de la Rep\u00fablica, s\/n. 33204 Gij\u00f3n | Aula 2<\/li>\n\n\n\n<li>&#x1f48c; contacto: <a href=\"mailto:asturias@wikiesfera.org?subject=null&amp;body=null\" target=\"_blank\" rel=\"noreferrer noopener\">asturias@wikiesfera.org<\/a><\/li>\n\n\n\n<li>&#x2753;&nbsp;Abiertas y&nbsp;SIN INSCRIPCI\u00d3N<\/li>\n\n\n\n<li>&#x1f4bb;&nbsp;Necesitas&nbsp;TRAER TU PORT\u00c1TIL<\/li>\n<\/ul>\n\n\n\n<p><\/p>\n\n\n\n<p><\/p>\n\n\n\n<p><\/p>\n\n\n\n<p><\/p>\n","protected":false},"excerpt":{"rendered":"<p>Informaci\u00f3n de los eventos y reuniones de Wikiesfera y sus nodos del mes de mayo de 2025<\/p>\n","protected":false},"author":1,"featured_media":5343,"comment_status":"closed","ping_status":"closed","sticky":false,"template":"","format":"standard","meta":{"_coblocks_attr":"","_coblocks_dimensions":"","_coblocks_responsive_height":"","_coblocks_accordion_ie_support":"","footnotes":""},"categories":[360],"tags":[6],"class_list":["post-8605","post","type-post","status-publish","format-standard","has-post-thumbnail","hentry","category-boletines","tag-grupo-de-trabajo","loop-entry clr"],"_links":{"self":[{"href":"https:\/\/www.wikiesfera.org\/es\/wp-json\/wp\/v2\/posts\/8605","targetHints":{"allow":["GET"]}}],"collection":[{"href":"https:\/\/www.wikiesfera.org\/es\/wp-json\/wp\/v2\/posts"}],"about":[{"href":"https:\/\/www.wikiesfera.org\/es\/wp-json\/wp\/v2\/types\/post"}],"author":[{"embeddable":true,"href":"https:\/\/www.wikiesfera.org\/es\/wp-json\/wp\/v2\/users\/1"}],"replies":[{"embeddable":true,"href":"https:\/\/www.wikiesfera.org\/es\/wp-json\/wp\/v2\/comments?post=8605"}],"version-history":[{"count":6,"href":"https:\/\/www.wikiesfera.org\/es\/wp-json\/wp\/v2\/posts\/8605\/revisions"}],"predecessor-version":[{"id":8919,"href":"https:\/\/www.wikiesfera.org\/es\/wp-json\/wp\/v2\/posts\/8605\/revisions\/8919"}],"wp:featuredmedia":[{"embeddable":true,"href":"https:\/\/www.wikiesfera.org\/es\/wp-json\/wp\/v2\/media\/5343"}],"wp:attachment":[{"href":"https:\/\/www.wikiesfera.org\/es\/wp-json\/wp\/v2\/media?parent=8605"}],"wp:term":[{"taxonomy":"category","embeddable":true,"href":"https:\/\/www.wikiesfera.org\/es\/wp-json\/wp\/v2\/categories?post=8605"},{"taxonomy":"post_tag","embeddable":true,"href":"https:\/\/www.wikiesfera.org\/es\/wp-json\/wp\/v2\/tags?post=8605"}],"curies":[{"name":"wp","href":"https:\/\/api.w.org\/{rel}","templated":true}]}}