{"id":6525,"date":"2024-12-23T08:58:06","date_gmt":"2024-12-23T08:58:06","guid":{"rendered":"https:\/\/www.wikiesfera.org\/?p=6525"},"modified":"2025-05-25T17:08:34","modified_gmt":"2025-05-25T17:08:34","slug":"especial-fin-2024","status":"publish","type":"post","link":"https:\/\/www.wikiesfera.org\/es\/2024\/12\/23\/especial-fin-2024\/","title":{"rendered":"ESPECIAL FIN DE A\u00d1O 2024"},"content":{"rendered":"\n<p>&#x1f384;&nbsp;En Wikiesfera&nbsp;<strong>cerramos el a\u00f1o muy contentas y agradecidas por los logros alcanzados con todas las que form\u00e1is parte de esta fant\u00e1stica comunidad feminista de editoras<\/strong>. Y queremos compartir con vosotras un resumen de todo lo que hemos hecho: cr\u00f3nicas de las actividades, art\u00edculos de an\u00e1lisis, ponencias y nuestra presencia en medios de comunicaci\u00f3n.<\/p>\n\n\n\n<p>&#x1f680;&nbsp;\u00a1Adem\u00e1s de que en 2024,&nbsp;<a href=\"https:\/\/www.wikiesfera.org\/2024\/11\/08\/wikiesfera-recibe-un-lovie-award\/\" target=\"_blank\" rel=\"noreferrer noopener\"><strong>Wikiesfera ha recibido su PRIMER PREMIO<\/strong><\/a>!<\/p>\n\n\n\n<p><strong>&#x1f49c;&nbsp;\u00a1Gracias por ser parte de Wikiesfera!<\/strong>&nbsp;Sin vosotras, todo esto no ser\u00eda posible.<\/p>\n\n\n\n<p>&#x1f31f;<strong>&nbsp;\u00a1Felices fiestas y nos vemos en 2025!<\/strong><\/p>\n\n\n\n<div class=\"wp-block-coblocks-accordion\">\n<div class=\"wp-block-coblocks-accordion-item\"><details><summary class=\"wp-block-coblocks-accordion-item__title\">[ CAMPA\u00d1AS ]<\/summary><div class=\"wp-block-coblocks-accordion-item__content\">\n<ul class=\"wp-block-list\">\n<li><a href=\"https:\/\/www.wikiesfera.org\/portfolio-item\/campana-de-mujeres-stem-11f-2024\/\" target=\"_blank\" rel=\"noreferrer noopener\"><strong>Campa\u00f1a de mujeres STEM #11F<\/strong><\/a><\/li>\n\n\n\n<li><a href=\"https:\/\/www.wikiesfera.org\/portfolio-item\/campana-de-mujeres-bbc-8m\/\" target=\"_blank\" rel=\"noreferrer noopener\"><strong>Campa\u00f1a de mujeres BBC #8M<\/strong><\/a><\/li>\n\n\n\n<li><a href=\"https:\/\/www.wikiesfera.org\/portfolio-item\/campana-de-mujeres-del-circo-20a-2024\/\" target=\"_blank\" rel=\"noreferrer noopener\"><strong>Campa\u00f1a de mujeres del Circo #20A<\/strong><\/a><\/li>\n\n\n\n<li><a href=\"https:\/\/www.wikiesfera.org\/portfolio-item\/campana-de-mujeres-palestinas-2024\/\" target=\"_blank\" rel=\"noreferrer noopener\"><strong>Campa\u00f1a de mujeres palestinas<\/strong><\/a><\/li>\n\n\n\n<li><a href=\"https:\/\/www.wikiesfera.org\/portfolio-item\/campana-de-lesbianas-relevantes-2024\/\" target=\"_blank\" rel=\"noreferrer noopener\"><strong>Campa\u00f1a de lesbianas relevantes<\/strong><\/a><\/li>\n\n\n\n<li><a href=\"https:\/\/www.wikiesfera.org\/portfolio-item\/campana-de-africanas-2024\/\" target=\"_blank\" rel=\"noreferrer noopener\"><strong>Campa\u00f1a de africanas y mujeres afrodescendientes<\/strong><\/a><\/li>\n\n\n\n<li><a href=\"https:\/\/www.wikiesfera.org\/portfolio-item\/campana-de-mujeres-artistas-2024\/\" target=\"_blank\" rel=\"noreferrer noopener\"><strong>Campa\u00f1a de mujeres artistas<\/strong><\/a><\/li>\n\n\n\n<li><a href=\"https:\/\/www.wikiesfera.org\/portfolio-item\/campana-de-mujeres-afganas-2024\/\" target=\"_blank\" rel=\"noreferrer noopener\"><strong>Campa\u00f1a de mujeres afganas<\/strong><\/a><\/li>\n\n\n\n<li><a href=\"https:\/\/www.wikiesfera.org\/portfolio-item\/campana-de-brujas-2024\/\" target=\"_blank\" rel=\"noreferrer noopener\"><strong>Campa\u00f1a de mujeres y brujer\u00eda<\/strong><\/a><\/li>\n\n\n\n<li><a href=\"https:\/\/www.wikiesfera.org\/portfolio-item\/campana-de-memoria-de-las-mujeres-2024\/\" target=\"_blank\" rel=\"noreferrer noopener\"><strong>Campa\u00f1a de memoria de las mujeres<\/strong><\/a><\/li>\n\n\n\n<li><a href=\"https:\/\/meta.wikimedia.org\/wiki\/Event:Campa%C3%B1a_de_mujeres_en_los_videojuegos_2024\" target=\"_blank\" rel=\"noreferrer noopener\"><strong>Campa\u00f1a mujeres en los videojuegos<\/strong><\/a>&nbsp;(en curso)<\/li>\n<\/ul>\n<\/div><\/details><\/div>\n\n\n\n<div class=\"wp-block-coblocks-accordion-item\"><details><summary class=\"wp-block-coblocks-accordion-item__title\">[ EDITATONAS ]<\/summary><div class=\"wp-block-coblocks-accordion-item__content\">\n<ul class=\"wp-block-list\">\n<li><a href=\"https:\/\/www.wikiesfera.org\/portfolio-item\/campana-de-mujeres-stem-11f-2024\/\" target=\"_blank\" rel=\"noreferrer noopener\"><strong>Editatona de mujeres STEM #12F<\/strong><\/a><\/li>\n\n\n\n<li><a href=\"https:\/\/www.wikiesfera.org\/portfolio-item\/editatona-de-aragonesas-stem-16f-2024\/\" target=\"_blank\" rel=\"noreferrer noopener\"><strong>Editatona de aragonesas STEM #16F<\/strong><\/a><\/li>\n\n\n\n<li><a href=\"https:\/\/www.wikiesfera.org\/portfolio-item\/editatona-de-investigadoras-17f\/\" target=\"_blank\" rel=\"noreferrer noopener\"><strong>Editatona de investigadoras #17F<\/strong><\/a><\/li>\n\n\n\n<li><a href=\"https:\/\/www.wikiesfera.org\/portfolio-item\/editatona-de-ingenieras-28f\/\" target=\"_blank\" rel=\"noreferrer noopener\"><strong>Editatona de ingenieras #28F<\/strong><\/a><\/li>\n\n\n\n<li><a href=\"https:\/\/www.wikiesfera.org\/portfolio-item\/editatona-de-juristas-6m\/\" target=\"_blank\" rel=\"noreferrer noopener\"><strong>Editatona de juristas #6M<\/strong><\/a><\/li>\n\n\n\n<li><a href=\"https:\/\/www.wikiesfera.org\/portfolio-item\/editatona-de-mujeres-stem-amit-14m\/\" target=\"_blank\" rel=\"noreferrer noopener\"><strong>Editatona de mujeres STEM #14M<\/strong><\/a><\/li>\n\n\n\n<li><a href=\"https:\/\/www.wikiesfera.org\/portfolio-item\/ii-editatona-de-investigadoras-20m\/\" target=\"_blank\" rel=\"noreferrer noopener\"><strong>II Editatona de investigadoras #20M<\/strong><\/a><\/li>\n\n\n\n<li><a href=\"https:\/\/www.wikiesfera.org\/portfolio-item\/iii-editatona-de-investigadoras-13a\/\" target=\"_blank\" rel=\"noreferrer noopener\"><strong>III Editatona de investigadoras #13A<\/strong><\/a><\/li>\n\n\n\n<li><a href=\"https:\/\/www.wikiesfera.org\/portfolio-item\/editatona-de-murcianas-extraordinarias-27a\/\" target=\"_blank\" rel=\"noreferrer noopener\"><strong>Editatona de murcianas extraordinarias #27A<\/strong><\/a><\/li>\n\n\n\n<li><a href=\"https:\/\/www.wikiesfera.org\/portfolio-item\/iv-editatona-de-investigadoras-8m\/\" target=\"_blank\" rel=\"noreferrer noopener\"><strong>IV Editatona de investigadoras #8M<\/strong><\/a><\/li>\n\n\n\n<li><a href=\"https:\/\/www.wikiesfera.org\/portfolio-item\/editatona-de-obras-de-arte-de-mujeres-18m\/\" target=\"_blank\" rel=\"noreferrer noopener\"><strong>Editatona de obras de arte de mujeres #18M<\/strong><\/a><\/li>\n\n\n\n<li><a href=\"https:\/\/www.wikiesfera.org\/portfolio-item\/editatona-de-periodistas-palestinas-25m\/\" target=\"_blank\" rel=\"noreferrer noopener\"><strong>Editatona de periodistas palestinas #25M<\/strong><\/a><\/li>\n\n\n\n<li><a href=\"https:\/\/www.wikiesfera.org\/portfolio-item\/editatona-de-gallegas-relevantes-1j\/\" target=\"_blank\" rel=\"noreferrer noopener\"><strong>Editatona de gallegas relevantes #1J<\/strong><\/a><\/li>\n\n\n\n<li><a href=\"https:\/\/www.wikiesfera.org\/portfolio-item\/editatona-de-mujeres-nobles-8j\/\" target=\"_blank\" rel=\"noreferrer noopener\"><strong>Editatona de nobles #8J<\/strong><\/a><\/li>\n\n\n\n<li><a href=\"https:\/\/www.wikiesfera.org\/portfolio-item\/editatona-de-dominicanas-relevantes-15j\/\" target=\"_blank\" rel=\"noreferrer noopener\"><strong>Editatona de dominicanas relevantes #15J<\/strong><\/a><\/li>\n\n\n\n<li><a href=\"https:\/\/www.wikiesfera.org\/portfolio-item\/v-editatona-de-investigadoras-21s\/\" target=\"_blank\" rel=\"noreferrer noopener\"><strong>V Editatona de investigadoras #21S<\/strong><\/a><\/li>\n\n\n\n<li><a href=\"https:\/\/www.wikiesfera.org\/portfolio-item\/editatona-de-mujeres-en-las-artes-decorativas\/\" target=\"_blank\" rel=\"noreferrer noopener\"><strong>Editatona de mujeres en las Artes Decorativas<\/strong><\/a><\/li>\n\n\n\n<li><a href=\"https:\/\/www.wikiesfera.org\/portfolio-item\/editatona-de-mujeres-stem-4o-2024\/\" target=\"_blank\" rel=\"noreferrer noopener\"><strong>Editatona de mujeres STEM #4O<\/strong><\/a><\/li>\n\n\n\n<li><a href=\"https:\/\/www.wikiesfera.org\/portfolio-item\/i-editatona-de-mujeres-en-energia-y-medioambiente-26o\/\" target=\"_blank\" rel=\"noreferrer noopener\"><strong>I Editatona de mujeres en energ\u00eda y medioambiente<\/strong><\/a><\/li>\n\n\n\n<li><a href=\"https:\/\/www.wikiesfera.org\/portfolio-item\/editatona-de-asturianas-relevantes-8n-2024\/\" target=\"_blank\" rel=\"noreferrer noopener\"><strong>Editatona de asturianas relevantes #8N<\/strong><\/a><\/li>\n\n\n\n<li><a href=\"https:\/\/www.wikiesfera.org\/portfolio-item\/editatona-de-mujeres-memoria-y-resistencia-18n\/\" target=\"_blank\" rel=\"noreferrer noopener\"><strong>Editatona de mujeres, memoria y resistencia #18N<\/strong><\/a><\/li>\n\n\n\n<li><a href=\"https:\/\/www.wikiesfera.org\/portfolio-item\/editatona-de-aragonesas-en-las-artes-escenicas-30n-2024\/\" target=\"_blank\" rel=\"noreferrer noopener\"><strong>II Editatona de aragonesas en las artes esc\u00e9nicas #30N<\/strong><\/a><\/li>\n\n\n\n<li><a href=\"https:\/\/www.wikiesfera.org\/portfolio-item\/editatona-de-defensoras-de-ddhh-2024\/\" target=\"_blank\" rel=\"noreferrer noopener\"><strong>Editatona de defensoras de DDHH #14D<\/strong><\/a><\/li>\n<\/ul>\n<\/div><\/details><\/div>\n\n\n\n<div class=\"wp-block-coblocks-accordion-item\"><details><summary class=\"wp-block-coblocks-accordion-item__title\">[ ART\u00cdCULOS ]<\/summary><div class=\"wp-block-coblocks-accordion-item__content\">\n<p>Durante 2024, hemos publicado una serie de&nbsp;<strong>art\u00edculos de an\u00e1lisis<\/strong>&nbsp;en nuestro blog para acercar ciertas reflexiones a nuestra comunidad:<\/p>\n\n\n\n<ul class=\"wp-block-list\">\n<li><a href=\"https:\/\/www.wikiesfera.org\/2024\/03\/27\/por-que-no-vemos-a-las-mujeres-que-estan-en-wikipedia\/\"><em>\u00bfPor qu\u00e9 no vemos a las mujeres que est\u00e1n en Wikipedia?<\/em><\/a><br><strong>Por Isa Zapico<\/strong>&nbsp;[<a href=\"https:\/\/es.wikipedia.org\/wiki\/Usuaria:Zapipedia\">Zapipedia<\/a>]<\/li>\n\n\n\n<li><a href=\"https:\/\/www.wikiesfera.org\/2024\/05\/23\/visibilizando-el-aborto-en-espana-en-wikipedia\/\"><em>Visibilizando el aborto en Espa\u00f1a en Wikipedia<\/em><\/a><em><br><\/em><strong>Por Mar\u00eda Sefidari Huici<\/strong>&nbsp;[<a href=\"https:\/\/es.wikipedia.org\/wiki\/Usuaria:Raystorm\">Raystorm<\/a>]<\/li>\n\n\n\n<li><a href=\"https:\/\/www.wikiesfera.org\/2024\/06\/28\/la-visibilidad-de-las-lesbianas-en-wikipedia\/\"><em>La visibilidad de las lesbianas en Wikipedia<\/em><\/a><br><strong>Por Encina Villanueva y Celia Hern\u00e1ndez<\/strong>&nbsp;[<a href=\"https:\/\/es.wikipedia.org\/wiki\/Usuaria:SalviaRomana\">SalviaRomana<\/a>]<\/li>\n\n\n\n<li><a href=\"https:\/\/www.wikiesfera.org\/2024\/11\/29\/anticoncepcion-de-emergencia-en-espana-destacado-en-la-portada-de-wikipedia\/\">\u00abAnticoncepci\u00f3n de emergencia en Espa\u00f1a\u00bb destacado en la portada de Wikipedia<\/a><br><strong>Por Mar\u00eda Sefidari Huici&nbsp;<\/strong>[<a href=\"https:\/\/es.wikipedia.org\/wiki\/Usuaria:Raystorm\">Raystorm<\/a>]<\/li>\n<\/ul>\n<\/div><\/details><\/div>\n\n\n\n<div class=\"wp-block-coblocks-accordion-item\"><details><summary class=\"wp-block-coblocks-accordion-item__title\">[ PONENCIAS ]<\/summary><div class=\"wp-block-coblocks-accordion-item__content\">\n<p>Este a\u00f1o&nbsp;<strong>hemos participado en diversos foros nacionales e internacionales<\/strong>. Os dejamos por aqu\u00ed el listado ponencias donde pod\u00e9is ver algunas de nuestras intervenciones:<\/p>\n\n\n\n<ul class=\"wp-block-list\">\n<li><strong>Universidad de Granada<\/strong><br><a href=\"https:\/\/www.youtube.com\/watch?v=W0yjnKIR9mo&amp;t=1s\" target=\"_blank\" rel=\"noreferrer noopener\">Iniciativas de Ciencia Ciudadana (Light talks): Wikiesfera<\/a><\/li>\n\n\n\n<li><strong>Instituto de las Mujeres<\/strong><br>Charla sobre wikipedia para j\u00f3venes<\/li>\n\n\n\n<li><strong>Asociaci\u00f3n de mujeres investigadoras y tecn\u00f3logas (AMIT)<\/strong><br>Dialogando sobre divulgaci\u00f3n cient\u00edfica<\/li>\n\n\n\n<li><strong>Archivo de la Corona de Arag\u00f3n<\/strong><br>Participaci\u00f3n en la presentaci\u00f3n \u201cEn g\u00e9nero: Mujeres Investigadoras y Editatona\u201d<\/li>\n\n\n\n<li><strong>Asociaci\u00f3n de Informadores Cinematogr\u00e1ficos de Espa\u00f1a (AICE)<\/strong><br><a href=\"https:\/\/www.youtube.com\/live\/NTY3xOMNaI0\" target=\"_blank\" rel=\"noreferrer noopener\">Wikipedia y periodismo cinematogr\u00e1fico<\/a><\/li>\n\n\n\n<li><strong>Let&#8217;s Connect Learning Clinic Spotlight on Women&#8217;s Health in Wikimedia Projects<\/strong><br><a href=\"https:\/\/www.youtube.com\/watch?v=ZAdRiRuUAZU\" target=\"_blank\" rel=\"noreferrer noopener\">Proyecto sobre el aborto en Espa\u00f1a<\/a>&nbsp;(en ingl\u00e9s)<\/li>\n\n\n\n<li><strong>Mais Teoria da Hist\u00f3ria na Wiki<\/strong><br>Presentaci\u00f3n del Taller Traduzindo biografias de mulheres<\/li>\n\n\n\n<li><strong>Festival LEV<\/strong><br><a href=\"https:\/\/vimeo.com\/986732732\" target=\"_blank\" rel=\"noreferrer noopener\">Presentaci\u00f3n del proyecto The Uncensored Library, desarrollado por Reporters Without Borders desde Minecraft<\/a>&nbsp;(en ingl\u00e9s)<\/li>\n\n\n\n<li><strong>Wikimedia Foundation | Wikimania 2024<\/strong><br><a href=\"https:\/\/youtu.be\/9LQF1__kJ6I?si=MYQ-v0H1_e-tjTHb\" target=\"_blank\" rel=\"noreferrer noopener\">Together We [Women] Are More Visibles<\/a>&nbsp;(en ingl\u00e9s)<\/li>\n\n\n\n<li><strong>Wikimedia Foundation | Wikimania 2024<\/strong><br><a href=\"https:\/\/youtu.be\/AS3H3xQpvzQ?si=DrbPNdmQfrPba-GD\" target=\"_blank\" rel=\"noreferrer noopener\">The Wikiesfera Formula: A Feminist Approach to Bridging the Gender Gap<\/a>&nbsp;(en ingl\u00e9s)<\/li>\n\n\n\n<li><strong>Feira da Econom\u00eda Social Do Mar #ESDOMAR<\/strong><br>Presentaci\u00f3n de Wikiesfera<\/li>\n\n\n\n<li><strong>X Encuentro Cultura y Ciudadan\u00eda<\/strong><br><a href=\"https:\/\/youtu.be\/_g6Jc229Ux0?si=-vBZQARJbo6IOX9i\" target=\"_blank\" rel=\"noreferrer noopener\">Mesa de proyectos. Cultura digital diversa y participada<\/a><\/li>\n\n\n\n<li><strong>Fundamentos sobre igualdad entre hombres y mujeres<\/strong><br><a href=\"https:\/\/www.youtube.com\/live\/mR4FphE092c\" target=\"_blank\" rel=\"noreferrer noopener\">Wikiesfera: aportaciones a la narraci\u00f3n colectiva de la HERstory<\/a><\/li>\n\n\n\n<li><strong>Congreso Nacional de Archivos<br><\/strong><a href=\"https:\/\/www.cultura.gob.es\/dam\/jcr:cd235410-4280-4181-bf69-e8f4a7f42ed0\/programa-cna---6.pdf\">Wikipedia y el proyecto <em>Mujeres investigadoras en los Archivos Estatales<\/em><\/a><\/li>\n\n\n\n<li><strong>VI Workshop Sociedade dixital e x\u00e9nero. Hackeando o patriarcado<\/strong><br><a href=\"https:\/\/tv.uvigo.es\/video\/673648ff7af679fc9f38d6e2\" target=\"_blank\" rel=\"noreferrer noopener\">Ningu\u00e9n falar\u00e1 de n\u00f3s se non estamos en Wikipedia<\/a><\/li>\n\n\n\n<li><strong>Jornada Brecha Digital de G\u00e9nero<\/strong><br><a href=\"https:\/\/www.youtube.com\/live\/Pgn-WC4TkLI?si=covVbL51glfjKCdh&amp;t=3969\" target=\"_blank\" rel=\"noreferrer noopener\">Wikiesfera y la brecha de g\u00e9nero en Wikipedia<\/a><\/li>\n<\/ul>\n<\/div><\/details><\/div>\n\n\n\n<div class=\"wp-block-coblocks-accordion-item\"><details><summary class=\"wp-block-coblocks-accordion-item__title\">[ MEDIOS ]<\/summary><div class=\"wp-block-coblocks-accordion-item__content\">\n<p>En este apartado, compartimos con vosotras las&nbsp;<strong>noticias m\u00e1s relevantes<\/strong>&nbsp;en las que ha aparecido Wikiesfera durante 2024:<\/p>\n\n\n\n<ul class=\"wp-block-list\">\n<li><strong>P\u00fablico |&nbsp;<\/strong><a href=\"https:\/\/www.publico.es\/mujer\/colectivo-wikiesfera-documenta-primera-vez-realidad-autonomica-abortos-espana-wikipedia.html\" target=\"_blank\" rel=\"noreferrer noopener\"><em>El colectivo Wikiesfera documenta por primera vez la realidad auton\u00f3mica de los abortos en Espa\u00f1a en la Wikipedia<\/em><\/a><\/li>\n\n\n\n<li><strong>RTVE |&nbsp;<\/strong><a href=\"https:\/\/www.rtve.es\/noticias\/20240307\/escritoras-wikipedia-grupo-mujeres-para-quebrar-brecha-genero-enciclopedia\/15993471.shtml\" target=\"_blank\" rel=\"noreferrer noopener\"><em>Las escritoras de Wikipedia: un grupo de mujeres para quebrar la brecha de g\u00e9nero en la enciclopedia<\/em><\/a><\/li>\n\n\n\n<li><strong>El Faro de Vigo |&nbsp;<\/strong><a href=\"https:\/\/www.farodevigo.es\/gran-vigo\/2024\/06\/03\/wikieditoras-visibilizar-gallegas-relevantes-103257747.html\" target=\"_blank\" rel=\"noreferrer noopener\"><em>\u2018Wikieditoras\u2019 para visibilizar a gallegas relevantes<\/em><\/a><\/li>\n\n\n\n<li><strong>The Guardian |&nbsp;<\/strong><a href=\"https:\/\/www.theguardian.com\/technology\/article\/2024\/jun\/12\/spain-women-tackle-wikipedia-gender-gap-wikiesfera\" target=\"_blank\" rel=\"noreferrer noopener\"><em>\u2018We\u2019re writing history\u2019: Spanish women tackle Wikipedia\u2019s gender gap<\/em><\/a>&nbsp;(en ingl\u00e9s)<\/li>\n\n\n\n<li><strong>TPA |&nbsp;<\/strong><a href=\"https:\/\/youtu.be\/mTTt0MhgYrA?si=HE4Lxm07szQFIlVl\" target=\"_blank\" rel=\"noreferrer noopener\"><em>Pieza sobre la Editatona de defensoras de Derechos Humanos #14D<\/em><\/a><\/li>\n\n\n\n<li><strong>El Pa\u00eds |&nbsp;<\/strong><a href=\"https:\/\/elpais.com\/smoda\/2024-12-18\/patricia-horrillo-de-wikisfera-ya-hace-tres-anos-que-cristina-fallaras-me-dijo-deberiamos-irnos-todas-de-twitter.html\" target=\"_blank\" rel=\"noreferrer noopener\"><em>Patricia Horrillo, de Wikiesfera: \u201cYa hace tres a\u00f1os que Cristina Fallar\u00e1s me dijo: \u2018Deber\u00edamos irnos todas de Twitter\u2019\u201d<\/em><\/a><\/li>\n<\/ul>\n<\/div><\/details><\/div>\n<\/div>\n","protected":false},"excerpt":{"rendered":"<p>Recopilaci\u00f3n de la actividad de Wikiesfera durante 2024<\/p>\n","protected":false},"author":1,"featured_media":6534,"comment_status":"closed","ping_status":"closed","sticky":false,"template":"","format":"standard","meta":{"_coblocks_attr":"","_coblocks_dimensions":"","_coblocks_responsive_height":"","_coblocks_accordion_ie_support":"","footnotes":""},"categories":[360],"tags":[6],"class_list":["post-6525","post","type-post","status-publish","format-standard","has-post-thumbnail","hentry","category-boletines","tag-grupo-de-trabajo","loop-entry clr"],"_links":{"self":[{"href":"https:\/\/www.wikiesfera.org\/es\/wp-json\/wp\/v2\/posts\/6525","targetHints":{"allow":["GET"]}}],"collection":[{"href":"https:\/\/www.wikiesfera.org\/es\/wp-json\/wp\/v2\/posts"}],"about":[{"href":"https:\/\/www.wikiesfera.org\/es\/wp-json\/wp\/v2\/types\/post"}],"author":[{"embeddable":true,"href":"https:\/\/www.wikiesfera.org\/es\/wp-json\/wp\/v2\/users\/1"}],"replies":[{"embeddable":true,"href":"https:\/\/www.wikiesfera.org\/es\/wp-json\/wp\/v2\/comments?post=6525"}],"version-history":[{"count":10,"href":"https:\/\/www.wikiesfera.org\/es\/wp-json\/wp\/v2\/posts\/6525\/revisions"}],"predecessor-version":[{"id":9072,"href":"https:\/\/www.wikiesfera.org\/es\/wp-json\/wp\/v2\/posts\/6525\/revisions\/9072"}],"wp:featuredmedia":[{"embeddable":true,"href":"https:\/\/www.wikiesfera.org\/es\/wp-json\/wp\/v2\/media\/6534"}],"wp:attachment":[{"href":"https:\/\/www.wikiesfera.org\/es\/wp-json\/wp\/v2\/media?parent=6525"}],"wp:term":[{"taxonomy":"category","embeddable":true,"href":"https:\/\/www.wikiesfera.org\/es\/wp-json\/wp\/v2\/categories?post=6525"},{"taxonomy":"post_tag","embeddable":true,"href":"https:\/\/www.wikiesfera.org\/es\/wp-json\/wp\/v2\/tags?post=6525"}],"curies":[{"name":"wp","href":"https:\/\/api.w.org\/{rel}","templated":true}]}}