{"id":6255,"date":"2024-10-29T18:03:12","date_gmt":"2024-10-29T18:03:12","guid":{"rendered":"https:\/\/www.wikiesfera.org\/?p=6255"},"modified":"2024-11-11T12:18:45","modified_gmt":"2024-11-11T12:18:45","slug":"editatona-de-mujeres-memoria-y-resistencia-18n","status":"publish","type":"post","link":"https:\/\/www.wikiesfera.org\/es\/2024\/10\/29\/editatona-de-mujeres-memoria-y-resistencia-18n\/","title":{"rendered":"Editatona de mujeres, memoria y resistencia #18N"},"content":{"rendered":"\n<p>Una <em><strong>editatona<\/strong><\/em> o marat\u00f3n de edici\u00f3n es una actividad en la que varias personas se juntan para <strong>crear contenido nuevo en Wikipedia, combatiendo la brecha de g\u00e9nero de la enciclopedia libre y<\/strong> <strong>haciendo visible la ausencia de art\u00edculos relacionados con mujeres<\/strong>. Con este objetivo y coincidiendo con el <strong><a href=\"https:\/\/es.wikipedia.org\/wiki\/20N\" target=\"_blank\" rel=\"noreferrer noopener\">20N<\/a> aniversario de la muerte de Francisco Franco<\/strong>, desde Wikiesfera os proponemos participar en una&nbsp;<strong>editatona para publicar en Wikipedia art\u00edculos de mujeres que sufrieron persecuci\u00f3n, c\u00e1rcel y exilio durante la dictadura por desafiar el r\u00e9gimen o defender sus derechos y libertades<\/strong>.<\/p>\n\n\n\n<h2 id=\"gt-invitada\" class=\"wp-block-heading\"><strong>&gt; Invitada<\/strong><\/h2>\n\n\n\n<div class=\"wp-block-columns is-layout-flex wp-container-core-columns-is-layout-9d6595d7 wp-block-columns-is-layout-flex\">\n<div class=\"wp-block-column is-layout-flow wp-block-column-is-layout-flow\" style=\"flex-basis:66.66%\">\n<p>Contaremos con la presencia de&nbsp;la soci\u00f3loga y polit\u00f3loga <strong>Isabel Serrano Dur\u00e1n<\/strong> (<a href=\"https:\/\/www.instagram.com\/isabelsd99\/\" data-type=\"link\" data-id=\"https:\/\/www.instagram.com\/isabelsd99\/\" target=\"_blank\" rel=\"noreferrer noopener\">@isabelsd99<\/a>) estudiosa de la identidad andaluza y la lucha por reivindicar los s\u00edmbolos, ra\u00edces y referentes de su tierra.<\/p>\n\n\n\n<p>Ha publicado el libro <em><strong>Muros de silencio<\/strong><\/em>, un ensayo que desentra\u00f1a <strong>c\u00f3mo el r\u00e9gimen franquista someti\u00f3 a las mujeres a una violencia sistem\u00e1tica y al silenciamiento<\/strong>, intentando borrar su relevancia hist\u00f3rica y social. Serrano reivindica el papel de las mujeres, v\u00edctimas y supervivientes, y explora c\u00f3mo el recuerdo y la resistencia emergen, rompiendo los \u00abmuros de silencio\u00bb impuestos por d\u00e9cadas de represi\u00f3n.<\/p>\n<\/div>\n\n\n\n<div class=\"wp-block-column is-layout-flow wp-block-column-is-layout-flow\" style=\"flex-basis:33.33%\">\n<figure class=\"wp-block-image size-full\"><img fetchpriority=\"high\" decoding=\"async\" width=\"300\" height=\"300\" src=\"https:\/\/www.wikiesfera.org\/wp-content\/uploads\/2024\/10\/isabel-serrano-bn.png\" alt=\"\" class=\"wp-image-6257\" srcset=\"https:\/\/www.wikiesfera.org\/wp-content\/uploads\/2024\/10\/isabel-serrano-bn.png 300w, https:\/\/www.wikiesfera.org\/wp-content\/uploads\/2024\/10\/isabel-serrano-bn-150x150.png 150w\" sizes=\"(max-width: 300px) 100vw, 300px\" \/><\/figure>\n<\/div>\n<\/div>\n\n\n\n<figure class=\"wp-block-pullquote has-medium-font-size\"><blockquote><p><strong>ATENCI\u00d3N:<\/strong> Las plazas para la editatona ya est\u00e1n cubiertas. Puedes venir a la <strong>charla con Isabel Serrano y su libro <em>Muros de silencio<\/em> a partir de las 20h.<\/strong><\/p><\/blockquote><\/figure>\n\n\n\n<h2 class=\"wp-block-heading\" id=\"quien-puede-participar\"><strong>&gt; \u00bfQui\u00e9n puede participar?<\/strong><\/h2>\n\n\n\n<p>Esta actividad est\u00e1 dirigida a cualquier persona interesada en <strong>visibilizar en Wikipedia las vidas y las contribuciones de mujeres en la Historia<\/strong>. As\u00ed que, <strong>si quieres dar tus primeros pasos como wikipedista, \u00e9sta es tu oportunidad<\/strong> &#x1f609; <\/p>\n\n\n\n<h3 id=\"gtgt-requisitos-basicos\" class=\"wp-block-heading\"><strong>&gt;&gt; Requisitos b\u00e1sicos<\/strong><\/h3>\n\n\n\n<ul class=\"wp-block-list has-pale-ocean-gradient-background has-background\">\n<li>&#x2705; <strong>Usas habitualmente el ordenador<\/strong><\/li>\n\n\n\n<li>&#x2705; Te gusta <strong>buscar informaci\u00f3n<\/strong> en Internet<\/li>\n\n\n\n<li>&#x2705; Sabes manejar un <strong>procesador de textos<\/strong><\/li>\n\n\n\n<li>&#x2705; <strong>Escribes con teclado<\/strong> con soltura<\/li>\n<\/ul>\n\n\n\n<figure class=\"wp-block-pullquote has-medium-font-size\"><blockquote><p><strong>IMPORTANTE:<\/strong> No es necesario tener conocimientos previos, solamente <strong>hace falta que traigas tu port\u00e1til<\/strong> &#x1f4bb;<\/p><\/blockquote><\/figure>\n\n\n\n<h3 id=\"gtgt-datos-del-encuentro\" class=\"wp-block-heading\"><strong>&gt;&gt; Datos del encuentro<\/strong><\/h3>\n\n\n\n<ul class=\"wp-block-list has-very-light-gray-to-cyan-bluish-gray-gradient-background has-background\">\n<li>&#x1f4c6; <strong>FECHA:<\/strong> lunes <strong>18 de noviembre<\/strong> de 2024<\/li>\n\n\n\n<li>&#x23f0; <strong>HORA:<\/strong> de <strong>17h.<\/strong> a <strong>21h.<\/strong><\/li>\n\n\n\n<li>&#x1f4cd; <strong>LUGAR:<\/strong> Librer\u00eda La Fabulosa | c\/ Barco, 40. <strong>MADRID<\/strong><\/li>\n\n\n\n<li>&#x270f;&#xfe0f; <strong>INSCRIPCI\u00d3N:<\/strong> Ap\u00fantate en <strong><a href=\"https:\/\/forms.gle\/EazZM68cNKFFPsjT8\" target=\"_blank\" rel=\"noreferrer noopener\">este formulario<\/a><\/strong> [PLAZAS CUBIERTAS]<\/li>\n\n\n\n<li>&#x2753;<strong>PREGUNTAS:<\/strong> Escr\u00edbenos a <a href=\"mailto:info@wikiesfera.org\" target=\"_blank\" rel=\"noreferrer noopener\"><strong>info@wikiesfera.org<\/strong><\/a><\/li>\n<\/ul>\n","protected":false},"excerpt":{"rendered":"<p>Os proponemos participar en una editatona para publicar en Wikipedia art\u00edculos de represaliadas del franquismo.<\/p>\n","protected":false},"author":1,"featured_media":6260,"comment_status":"closed","ping_status":"closed","sticky":false,"template":"","format":"standard","meta":{"_coblocks_attr":"","_coblocks_dimensions":"","_coblocks_responsive_height":"","_coblocks_accordion_ie_support":"","footnotes":""},"categories":[129],"tags":[170,163],"class_list":["post-6255","post","type-post","status-publish","format-standard","has-post-thumbnail","hentry","category-convocatorias","tag-editatona","tag-memoria-historica","loop-entry clr"],"_links":{"self":[{"href":"https:\/\/www.wikiesfera.org\/es\/wp-json\/wp\/v2\/posts\/6255","targetHints":{"allow":["GET"]}}],"collection":[{"href":"https:\/\/www.wikiesfera.org\/es\/wp-json\/wp\/v2\/posts"}],"about":[{"href":"https:\/\/www.wikiesfera.org\/es\/wp-json\/wp\/v2\/types\/post"}],"author":[{"embeddable":true,"href":"https:\/\/www.wikiesfera.org\/es\/wp-json\/wp\/v2\/users\/1"}],"replies":[{"embeddable":true,"href":"https:\/\/www.wikiesfera.org\/es\/wp-json\/wp\/v2\/comments?post=6255"}],"version-history":[{"count":7,"href":"https:\/\/www.wikiesfera.org\/es\/wp-json\/wp\/v2\/posts\/6255\/revisions"}],"predecessor-version":[{"id":6299,"href":"https:\/\/www.wikiesfera.org\/es\/wp-json\/wp\/v2\/posts\/6255\/revisions\/6299"}],"wp:featuredmedia":[{"embeddable":true,"href":"https:\/\/www.wikiesfera.org\/es\/wp-json\/wp\/v2\/media\/6260"}],"wp:attachment":[{"href":"https:\/\/www.wikiesfera.org\/es\/wp-json\/wp\/v2\/media?parent=6255"}],"wp:term":[{"taxonomy":"category","embeddable":true,"href":"https:\/\/www.wikiesfera.org\/es\/wp-json\/wp\/v2\/categories?post=6255"},{"taxonomy":"post_tag","embeddable":true,"href":"https:\/\/www.wikiesfera.org\/es\/wp-json\/wp\/v2\/tags?post=6255"}],"curies":[{"name":"wp","href":"https:\/\/api.w.org\/{rel}","templated":true}]}}