{"id":5850,"date":"2024-09-01T08:57:02","date_gmt":"2024-09-01T08:57:02","guid":{"rendered":"http:\/\/www.wikiesfera.org\/?p=5850"},"modified":"2024-11-01T17:15:58","modified_gmt":"2024-11-01T17:15:58","slug":"septiembre-2024","status":"publish","type":"post","link":"https:\/\/www.wikiesfera.org\/es\/2024\/09\/01\/septiembre-2024\/","title":{"rendered":"SEPTIEMBRE 2024"},"content":{"rendered":"\n<p>Os dejamos por aqu\u00ed la informaci\u00f3n de los <strong>eventos y reuniones de Wikiesfera y sus nodos del mes de septiembre de 2024<\/strong>. Si ten\u00e9is cualquier pregunta, pod\u00e9is escribirnos a <a href=\"mailto:info@wikiesfera.org\" target=\"_blank\" rel=\"noreferrer noopener\">info@wikiesfera.org<\/a>.<\/p>\n\n\n\n<h1 id=\"eventos\" class=\"wp-block-heading\"><strong>[ Eventos ]<\/strong><\/h1>\n\n\n\n<h2 id=\"campana-de-mujeres-afganas\" class=\"wp-block-heading\"><strong><a href=\"https:\/\/meta.wikimedia.org\/wiki\/Event:Campa%C3%B1a_de_mujeres_afganas_2024\">Campa\u00f1a de mujeres afganas<\/a><\/strong><\/h2>\n\n\n\n<ul class=\"wp-block-list\">\n<li>&#x1f4c6; Viernes <strong>13 de septiembre<\/strong> &#8211; Viernes <strong>27 de septiembre<\/strong><\/li>\n\n\n\n<li>&#x1f4cd; <strong>ONLINE y as\u00edncrona<\/strong><\/li>\n\n\n\n<li>&#x270f;&#xfe0f; <a href=\"https:\/\/meta.wikimedia.org\/wiki\/Special:RegisterForEvent\/826\" target=\"_blank\" rel=\"noreferrer noopener\">INSCRIPCI\u00d3N<\/a><\/li>\n<\/ul>\n\n\n\n<h2 id=\"charla-en-la-feira-da-economia-social-do-mar-esdomar\" class=\"wp-block-heading\"><strong><a href=\"https:\/\/www.fundamar.org\/eu-son-economia-social-do-mar\/\" target=\"_blank\" rel=\"noreferrer noopener\">Charla en la Feira da Econom\u00eda Social Do Mar #ESDOMAR<\/a><\/strong><\/h2>\n\n\n\n<ul class=\"wp-block-list\">\n<li>&#x2705; Organiza: Fundamar<\/li>\n\n\n\n<li>&#x1f4c6; S\u00e1bado <strong>14 de septiembre<\/strong> | 17:30-18:45 horas<\/li>\n\n\n\n<li>&#x1f4cd; Porto de Canido | 36390 Oia <strong>(VIGO)<\/strong><\/li>\n\n\n\n<li>&#x1f481;&#x1f3fb;&#x200d;&#x2640;&#xfe0f; Ponente: <strong>Sabela Cebro<\/strong><\/li>\n<\/ul>\n\n\n\n<h2 id=\"v-editatona-de-investigadoras-21s\" class=\"wp-block-heading\"><strong><a href=\"https:\/\/www.wikiesfera.org\/2024\/08\/27\/v-editatona-de-investigadoras-21s\/\" target=\"_blank\" rel=\"noreferrer noopener\">V Editatona de investigadoras #21S<\/a><\/strong><\/h2>\n\n\n\n<ul class=\"wp-block-list\">\n<li>&#x2705; Organiza: Ministerio de Cultura<\/li>\n\n\n\n<li>&#x1f4c6; S\u00e1bado <strong>21 de septiembre<\/strong> | 10:00-14:00 horas<\/li>\n\n\n\n<li>&#x1f4cd; Archivo General de Indias | Edificio de La Cilla | C\/ Santo Tom\u00e1s 5 | 41071 <strong>SEVILLA<\/strong><\/li>\n\n\n\n<li>&#x270f;&#xfe0f; <a href=\"https:\/\/forms.gle\/yMGJ1PSXoS9UYAAg9\" target=\"_blank\" rel=\"noreferrer noopener\">INSCRIPCI\u00d3N<\/a><\/li>\n<\/ul>\n\n\n\n<h2 id=\"x-encuentro-cultura-y-ciudadania\" class=\"wp-block-heading\"><strong><a href=\"https:\/\/culturayciudadania.cultura.gob.es\/encuentro-cultura-ciudadania\/2024-redirige\/programa.html\" target=\"_blank\" rel=\"noreferrer noopener\">X Encuentro Cultura y Ciudadan\u00eda<\/a><\/strong><\/h2>\n\n\n\n<ul class=\"wp-block-list\">\n<li>&#x2705; Organiza: Ministerio de Cultura<\/li>\n\n\n\n<li>&#x1f4c6; Jueves <strong>26 de septiembre<\/strong> | 16:00-18:00 horas<\/li>\n\n\n\n<li>&#x1f4cd; Centro Galego de Arte Contempor\u00e1nea | R. de Ram\u00f3n del Valle-Incl\u00e1n 2 | 15703 Santiago de Compostela <strong>(A CORU\u00d1A)<\/strong><\/li>\n\n\n\n<li>&#x1f481;&#x1f3fb;&#x200d;&#x2640;&#xfe0f; Ponente: <strong>Patricia Horrillo<\/strong><\/li>\n\n\n\n<li>&#x270f;&#xfe0f; <a href=\"https:\/\/docs.google.com\/forms\/d\/e\/1FAIpQLSdbJA0Ml7tqCidaiDNJZmNCySU9dN6TjHZSx5pJeI2SIjrSSQ\/viewform?usp=sf_link\" target=\"_blank\" rel=\"noreferrer noopener\">INSCRIPCI\u00d3N<\/a><\/li>\n<\/ul>\n\n\n\n<hr class=\"wp-block-separator has-alpha-channel-opacity\"\/>\n\n\n\n<h1 id=\"reuniones\" class=\"wp-block-heading\"><strong>[ Reuniones ]<\/strong><\/h1>\n\n\n\n<h2 id=\"presencialesnbspde-wikiesfera-ennbspmadrid\" class=\"wp-block-heading\"><strong><u>PRESENCIALES<\/u> <\/strong>de <strong>Wikiesfera<\/strong> en <strong>MADRID<\/strong><\/h2>\n\n\n\n<ul class=\"wp-block-list\">\n<li><a href=\"https:\/\/emojipedia.org\/calendar\/\">&#x1f4c5;<\/a>\u00a0LUNES <strong><strong>9, 16, 23 y 30 de septiembre<\/strong><\/strong> | 18:00-21:00 horas<\/li>\n\n\n\n<li>&#x1f4cd;&nbsp;Librer\u00eda&nbsp;La Fabulosa | C\/ Barco 40. 28004 Madrid<\/li>\n\n\n\n<li>&#x2753;&nbsp;Abiertas y&nbsp;SIN INSCRIPCI\u00d3N<\/li>\n\n\n\n<li>&#x1f4bb;&nbsp;Necesitas&nbsp;TRAER TU PORT\u00c1TIL<\/li>\n<\/ul>\n\n\n\n<h2 id=\"virtualesnbspde-wikiesfera\" class=\"wp-block-heading\"><strong><u>VIRTUALES<\/u> <\/strong>de <strong>Wikiesfera<\/strong><\/h2>\n\n\n\n<ul class=\"wp-block-list\">\n<li><a href=\"https:\/\/emojipedia.org\/calendar\/\">&#x1f4c5;<\/a>\u00a0MI\u00c9RCOLES\u00a0<strong><strong><strong><strong><strong>11 y 25 de septiembre<\/strong><\/strong><\/strong><\/strong><\/strong>\u00a0| 19:00-21:00 horas<\/li>\n\n\n\n<li>&#x1f4cd;&nbsp;<strong>ZOOM<\/strong> claves en <a href=\"mailto:info@wikiesfera.org\">info@wikiesfera.org<\/a>.<\/li>\n<\/ul>\n\n\n\n<h2 id=\"presencialesnbspde-wikiaragonnbspennbspzaragoza\" class=\"wp-block-heading\"><strong><span style=\"text-decoration: underline;\">PRESENCIALES<\/span> <\/strong>de<strong> WikiArag\u00f3n <\/strong>en <strong>ZARAGOZA<\/strong><\/h2>\n\n\n\n<ul class=\"wp-block-list\">\n<li><a href=\"https:\/\/emojipedia.org\/calendar\/\">&#x1f4c5;<\/a>\u00a0LUNES\u00a0<strong><strong><strong><strong><strong>2 de septiembre<\/strong><\/strong><\/strong><\/strong><\/strong>\u00a0| 17:00-19:00 horas<\/li>\n\n\n\n<li>&#x2709;&#xfe0f; contacto: <a href=\"mailto:wikiaragon@wikiesfera.org\" target=\"_blank\" rel=\"noreferrer noopener\">wikiaragon@wikiesfera.org<\/a><\/li>\n<\/ul>\n","protected":false},"excerpt":{"rendered":"<p>Informaci\u00f3n de los eventos y reuniones de Wikiesfera y sus nodos del mes de septiembre de 2024<\/p>\n","protected":false},"author":1,"featured_media":5343,"comment_status":"closed","ping_status":"closed","sticky":false,"template":"","format":"standard","meta":{"_coblocks_attr":"","_coblocks_dimensions":"","_coblocks_responsive_height":"","_coblocks_accordion_ie_support":"","footnotes":""},"categories":[360],"tags":[6],"class_list":["post-5850","post","type-post","status-publish","format-standard","has-post-thumbnail","hentry","category-boletines","tag-grupo-de-trabajo","loop-entry clr"],"_links":{"self":[{"href":"https:\/\/www.wikiesfera.org\/es\/wp-json\/wp\/v2\/posts\/5850","targetHints":{"allow":["GET"]}}],"collection":[{"href":"https:\/\/www.wikiesfera.org\/es\/wp-json\/wp\/v2\/posts"}],"about":[{"href":"https:\/\/www.wikiesfera.org\/es\/wp-json\/wp\/v2\/types\/post"}],"author":[{"embeddable":true,"href":"https:\/\/www.wikiesfera.org\/es\/wp-json\/wp\/v2\/users\/1"}],"replies":[{"embeddable":true,"href":"https:\/\/www.wikiesfera.org\/es\/wp-json\/wp\/v2\/comments?post=5850"}],"version-history":[{"count":6,"href":"https:\/\/www.wikiesfera.org\/es\/wp-json\/wp\/v2\/posts\/5850\/revisions"}],"predecessor-version":[{"id":5858,"href":"https:\/\/www.wikiesfera.org\/es\/wp-json\/wp\/v2\/posts\/5850\/revisions\/5858"}],"wp:featuredmedia":[{"embeddable":true,"href":"https:\/\/www.wikiesfera.org\/es\/wp-json\/wp\/v2\/media\/5343"}],"wp:attachment":[{"href":"https:\/\/www.wikiesfera.org\/es\/wp-json\/wp\/v2\/media?parent=5850"}],"wp:term":[{"taxonomy":"category","embeddable":true,"href":"https:\/\/www.wikiesfera.org\/es\/wp-json\/wp\/v2\/categories?post=5850"},{"taxonomy":"post_tag","embeddable":true,"href":"https:\/\/www.wikiesfera.org\/es\/wp-json\/wp\/v2\/tags?post=5850"}],"curies":[{"name":"wp","href":"https:\/\/api.w.org\/{rel}","templated":true}]}}