{"id":5264,"date":"2024-04-22T19:41:00","date_gmt":"2024-04-22T19:41:00","guid":{"rendered":"http:\/\/www.wikiesfera.org\/?p=5264"},"modified":"2024-11-29T12:23:33","modified_gmt":"2024-11-29T12:23:33","slug":"wikimedia-summit-2024-en-berlin","status":"publish","type":"post","link":"https:\/\/www.wikiesfera.org\/es\/2024\/04\/22\/wikimedia-summit-2024-en-berlin\/","title":{"rendered":"Wikimedia Summit 2024 en Berl\u00edn"},"content":{"rendered":"\n<p>El pasado fin de semana del 19 al 21 de abril, tuve la oportunidad de asistir a la <strong>\u00faltima edici\u00f3n del <a href=\"https:\/\/meta.wikimedia.org\/wiki\/Wikimedia_Summit_2024\" target=\"_blank\" rel=\"noreferrer noopener\">Wikimedia Summit<\/a>, celebrado en Berl\u00edn<\/strong>, un encuentro clave para los afiliados del Movimiento Wikimedia organizado por la <strong>Fundaci\u00f3n Wikimedia <\/strong>y <strong>Wikimedia Deutschland<\/strong>. El evento se centr\u00f3 en <strong>discusiones sobre la <a href=\"https:\/\/meta.wikimedia.org\/wiki\/Movement_Charter\/Content\/One-page_draft\/es\" target=\"_blank\" rel=\"noreferrer noopener\">Carta del Movimiento<\/a> y el <a href=\"https:\/\/meta.wikimedia.org\/wiki\/Global_Council\/es\" target=\"_blank\" rel=\"noreferrer noopener\">Consejo Global<\/a><\/strong>, aspectos cr\u00edticos para el futuro del <strong>Movimiento Wikimedia<\/strong>. Paralelamente a estos debates, tuve la oportunidad de <strong>reunirme en persona con activistas y representantes de grupos de mujeres<\/strong> a quienes solamente hab\u00eda conocido por pantalla y con quienes <strong>Wikiesfera quiere colaborar<\/strong>.<\/p>\n\n\n\n<p>Sobre la Carta del Movimiento y el Consejo Global, desde Wikiesfera, enfatizamos la <strong>necesidad de estructuras claras y bien definidas<\/strong>. Como expusimos p\u00fablicamente <a href=\"https:\/\/meta.wikimedia.org\/wiki\/Talk:Movement_Charter#Wikiesfera:_Comentarios_sobre_la_Carta_y_el_Consejo\" target=\"_blank\" rel=\"noreferrer noopener\">en la p\u00e1gina de Discusi\u00f3n del borrador de la Carta<\/a>, nos preocupan las cargas excesivas sobre el Consejo Global sin una estructura adecuada y abogamos por una inclusi\u00f3n m\u00e1s significativa de diversas comunidades en la toma de decisiones, asegurando que los procesos sean justos y equitativos. Estas interacciones y debates en el Summit reafirman la importancia de nuestra participaci\u00f3n activa en la configuraci\u00f3n del futuro del Movimiento Wikimedia, fortaleciendo la colaboraci\u00f3n internacional y el intercambio de ideas que son vitales para nuestro trabajo en Wikiesfera.<\/p>\n\n\n\n<figure class=\"wp-block-image size-large\"><img fetchpriority=\"high\" decoding=\"async\" width=\"1024\" height=\"544\" src=\"http:\/\/www.wikiesfera.org\/wp-content\/uploads\/2024\/04\/Wikimedia-Summit-2024-02-1024x544.jpg\" alt=\"\" class=\"wp-image-5285\" srcset=\"https:\/\/www.wikiesfera.org\/wp-content\/uploads\/2024\/04\/Wikimedia-Summit-2024-02-1024x544.jpg 1024w, https:\/\/www.wikiesfera.org\/wp-content\/uploads\/2024\/04\/Wikimedia-Summit-2024-02-300x159.jpg 300w, https:\/\/www.wikiesfera.org\/wp-content\/uploads\/2024\/04\/Wikimedia-Summit-2024-02-768x408.jpg 768w, https:\/\/www.wikiesfera.org\/wp-content\/uploads\/2024\/04\/Wikimedia-Summit-2024-02-150x80.jpg 150w, https:\/\/www.wikiesfera.org\/wp-content\/uploads\/2024\/04\/Wikimedia-Summit-2024-02-640x340.jpg 640w, https:\/\/www.wikiesfera.org\/wp-content\/uploads\/2024\/04\/Wikimedia-Summit-2024-02-400x213.jpg 400w, https:\/\/www.wikiesfera.org\/wp-content\/uploads\/2024\/04\/Wikimedia-Summit-2024-02.jpg 1280w\" sizes=\"(max-width: 1024px) 100vw, 1024px\" \/><figcaption class=\"wp-element-caption\"><em>Wikimedia Summit 2024<\/em> | <a href=\"https:\/\/commons.wikimedia.org\/w\/index.php?title=User:Ekvidi&amp;action=edit&amp;redlink=1\">Ekvidi<\/a> | CC BY-SA 4.0 | Wikimedia Commons<\/figcaption><\/figure>\n\n\n\n<p>Pese a la relevancia de los temas centrales del Summit, para m\u00ed lo m\u00e1s importante de este encuentro fue conocer en persona a <strong><a href=\"https:\/\/meta.wikimedia.org\/wiki\/User:Fjmustak\" target=\"_blank\" rel=\"noreferrer noopener\">Farah Mustaklem<\/a> de <a href=\"https:\/\/meta.wikimedia.org\/wiki\/Wikimedians_of_the_Levant\/en\" target=\"_blank\" rel=\"noreferrer noopener\">Wikimedia Levant<\/a><\/strong>, grupo con el que Wikiesfera ha colaborado recientemente en el <a href=\"https:\/\/meta.wikimedia.org\/wiki\/Joint_Statement_on_Palestine\/es\" target=\"_blank\" rel=\"noreferrer noopener\"><strong>comunicado sobre Palestina<\/strong><\/a>, y a <strong><a href=\"https:\/\/meta.wikimedia.org\/wiki\/User:OwenBlacker\">Owen Blacker<\/a> de <a href=\"https:\/\/meta.wikimedia.org\/wiki\/Wikimedia_LGBT%2B\/Portal\" target=\"_blank\" rel=\"noreferrer noopener\">Wikimedia LGBT+<\/a><\/strong>, con quien compartimos espacio en el <strong><a href=\"https:\/\/es.wikipedia.org\/wiki\/Wikiproyecto:LGBT\" target=\"_blank\" rel=\"noreferrer noopener\">Wikiproyecto LGBT<\/a> en espa\u00f1ol<\/strong>.<\/p>\n\n\n\n<p>Tambi\u00e9n fue muy importante poder reunirme con <strong><a href=\"https:\/\/meta.wikimedia.org\/wiki\/User:Mariana_Fossatti_(WK%3F)\">Mariana Fossati<\/a> de <a href=\"https:\/\/meta.wikimedia.org\/wiki\/Whose_Knowledge%3F\" target=\"_blank\" rel=\"noreferrer noopener\">Whose Knowledge<\/a><\/strong>, <strong><a href=\"https:\/\/meta.wikimedia.org\/wiki\/User:Kiraface\" target=\"_blank\" rel=\"noreferrer noopener\">Kira Wisniewski<\/a> de <a href=\"https:\/\/meta.wikimedia.org\/wiki\/Art%2BFeminism_User_Group\">Art &amp; Feminism<\/a><\/strong>, <strong>Eliza Myrie de <a href=\"https:\/\/meta.wikimedia.org\/wiki\/Black_Lunch_Table\" target=\"_blank\" rel=\"noreferrer noopener\">Black Lunch Table<\/a><\/strong>, y <strong><a href=\"https:\/\/meta.wikimedia.org\/wiki\/User:Natacha_LSP\" target=\"_blank\" rel=\"noreferrer noopener\">Natasha Rault<\/a> de <a href=\"https:\/\/meta.wikimedia.org\/wiki\/Les_sans_pagEs\" target=\"_blank\" rel=\"noreferrer noopener\">Les sans pagEs<\/a><\/strong>, cuyas contribuciones al movimiento en relaci\u00f3n a la <strong>brecha de g\u00e9nero de Wikipedia<\/strong> hab\u00eda seguido de cerca. Estas interacciones subrayaron la riqueza de nuestra comunidad global y el poder de la colaboraci\u00f3n en persona para fortalecer nuestros proyectos y nuestra misi\u00f3n com\u00fan.<\/p>\n","protected":false},"excerpt":{"rendered":"<p>Cr\u00f3nica de Patricia Horrillo representando a Wikiesfera en el Wikimedia Summit 2024 celebrado en Berl\u00edn.<\/p>\n","protected":false},"author":6,"featured_media":5284,"comment_status":"closed","ping_status":"closed","sticky":false,"template":"","format":"standard","meta":{"_coblocks_attr":"","_coblocks_dimensions":"","_coblocks_responsive_height":"","_coblocks_accordion_ie_support":"","footnotes":""},"categories":[378],"tags":[197,193,195,196],"class_list":["post-5264","post","type-post","status-publish","format-standard","has-post-thumbnail","hentry","category-noticias","tag-berlin","tag-conferencias","tag-encuentros-de-wikipedistas","tag-wikimedia-summit","loop-entry clr"],"_links":{"self":[{"href":"https:\/\/www.wikiesfera.org\/es\/wp-json\/wp\/v2\/posts\/5264","targetHints":{"allow":["GET"]}}],"collection":[{"href":"https:\/\/www.wikiesfera.org\/es\/wp-json\/wp\/v2\/posts"}],"about":[{"href":"https:\/\/www.wikiesfera.org\/es\/wp-json\/wp\/v2\/types\/post"}],"author":[{"embeddable":true,"href":"https:\/\/www.wikiesfera.org\/es\/wp-json\/wp\/v2\/users\/6"}],"replies":[{"embeddable":true,"href":"https:\/\/www.wikiesfera.org\/es\/wp-json\/wp\/v2\/comments?post=5264"}],"version-history":[{"count":6,"href":"https:\/\/www.wikiesfera.org\/es\/wp-json\/wp\/v2\/posts\/5264\/revisions"}],"predecessor-version":[{"id":5322,"href":"https:\/\/www.wikiesfera.org\/es\/wp-json\/wp\/v2\/posts\/5264\/revisions\/5322"}],"wp:featuredmedia":[{"embeddable":true,"href":"https:\/\/www.wikiesfera.org\/es\/wp-json\/wp\/v2\/media\/5284"}],"wp:attachment":[{"href":"https:\/\/www.wikiesfera.org\/es\/wp-json\/wp\/v2\/media?parent=5264"}],"wp:term":[{"taxonomy":"category","embeddable":true,"href":"https:\/\/www.wikiesfera.org\/es\/wp-json\/wp\/v2\/categories?post=5264"},{"taxonomy":"post_tag","embeddable":true,"href":"https:\/\/www.wikiesfera.org\/es\/wp-json\/wp\/v2\/tags?post=5264"}],"curies":[{"name":"wp","href":"https:\/\/api.w.org\/{rel}","templated":true}]}}