{"id":5023,"date":"2024-05-23T16:33:35","date_gmt":"2024-05-23T16:33:35","guid":{"rendered":"http:\/\/www.wikiesfera.org\/?p=5023"},"modified":"2025-07-13T10:32:57","modified_gmt":"2025-07-13T10:32:57","slug":"visibilizando-el-aborto-en-espana-en-wikipedia","status":"publish","type":"post","link":"https:\/\/www.wikiesfera.org\/es\/2024\/05\/23\/visibilizando-el-aborto-en-espana-en-wikipedia\/","title":{"rendered":"Visibilizando el aborto en Espa\u00f1a en Wikipedia"},"content":{"rendered":"\n<p>Con el objetivo de promover una <strong>mejor comprensi\u00f3n sobre el derecho al aborto en Espa\u00f1a<\/strong>, desde Wikiesfera lanzamos el pasado mes de marzo una campa\u00f1a con la que buscamos <strong>destacar en Wikipedia la informaci\u00f3n relacionada con este tema que consideramos crucial<\/strong>. Lo hicimos adem\u00e1s coincidiendo con el aniversario de la <em><a href=\"https:\/\/www.boe.es\/buscar\/act.php?id=BOE-A-2010-3514\" target=\"_blank\" rel=\"noreferrer noopener\">Ley Org\u00e1nica de salud sexual y reproductiva y de la interrupci\u00f3n voluntaria del embarazo<\/a><\/em> que cumpl\u00eda 14 a\u00f1os desde su aprobaci\u00f3n en 2010.<\/p>\n\n\n\n<p>Creemos que es fundamental que la informaci\u00f3n sobre el aborto en Espa\u00f1a en Wikipedia est\u00e9 bien desarrollada porque as\u00ed se garantiza el <strong>acceso a informaci\u00f3n basada en evidencias sobre un derecho humano fundamental<\/strong>. Documentar este tema ayuda adem\u00e1s a <strong>concienciar sobre la importancia de servicios p\u00fablicos de salud reproductiva<\/strong> adecuados, fortalece la <strong>defensa de los derechos a la autonom\u00eda corporal<\/strong>, <strong>reduce el estigma y la desinformaci\u00f3n<\/strong>, y fomenta un debate informado y constructivo. Todo junto <strong>nos empodera a las mujeres para tomar decisiones informadas sobre nuestra salud<\/strong> y contribuye a la mejora de pol\u00edticas p\u00fablicas.<\/p>\n\n\n\n<h2 id=\"gt-en-que-ha-consistido-la-campana\" class=\"wp-block-heading\"><strong>&gt; \u00bfEn qu\u00e9 ha consistido la campa\u00f1a?<\/strong><\/h2>\n\n\n\n<p>Esta iniciativa ha constado de varias fases para facilitar la visibilidad y la comprensi\u00f3n p\u00fablica del derecho al aborto en Espa\u00f1a desde diversas perspectivas. Comenzando con una <strong>solicitud en redes sociales para liberar im\u00e1genes sobre las manifestaciones sobre el aborto en Espa\u00f1a<\/strong>, logramos generar un inter\u00e9s inicial en torno al tema y preparar el terreno para las siguientes etapas de la campa\u00f1a.<\/p>\n\n\n\n<p>La siguiente fase implic\u00f3 la <strong>creaci\u00f3n de 20 art\u00edculos y una plantilla de navegaci\u00f3n en Wikipedia en espa\u00f1ol dedicados exclusivamente al aborto en Espa\u00f1a<\/strong>, que se suman al <a href=\"https:\/\/es.wikipedia.org\/wiki\/Aborto_en_Espa%C3%B1a\" target=\"_blank\" rel=\"noreferrer noopener\">art\u00edculo gen\u00e9rico<\/a> que ya exist\u00eda. Estos nuevos art\u00edculos, abarcan una gama m\u00e1s amplia de aspectos, desde informaci\u00f3n legal y pol\u00edtica hasta consideraciones hist\u00f3ricas y jur\u00eddicas, con un enfoque espec\u00edfico en el aborto como un tema de salud p\u00fablica para las mujeres y <strong>reflejan la disparidad de c\u00f3mo se ha aplicado este derecho en la pr\u00e1ctica seg\u00fan el territorio<\/strong>. Para ello, cada comunidad y ciudad aut\u00f3noma en Espa\u00f1a ha sido representada en un art\u00edculo individual, proporcionando una mirada detallada a nivel territorial. As\u00ed, se escribieron 17 art\u00edculos sobre cada una de las Comunidades Aut\u00f3nomas, 2 art\u00edculos sobre las ciudades aut\u00f3nomas de Ceuta y Melilla, y uno sobre el aborto de las mujeres espa\u00f1olas en el exterior.<\/p>\n\n\n\n<p>A partir de ese momento, hemos comenzado con una tercera y \u00faltima <strong>fase de divulgaci\u00f3n donde el objetivo es compartir la informaci\u00f3n reci\u00e9n creada<\/strong>. Lo que buscamos es, por un lado, ampliar el acceso a informaci\u00f3n referenciada y verificable sobre un tema que afecta a un gran n\u00famero de mujeres en Espa\u00f1a y en todo el mundo, y por otro, mostrar de forma clara las diferencias de aplicaci\u00f3n de una ley fundamental en diferentes partes del Estado.<\/p>\n\n\n\n<h2 id=\"gt-esta-asegurado-el-derecho-al-aborto-en-espana\" class=\"wp-block-heading\"><strong>&gt; \u00bfEst\u00e1 asegurado el derecho al aborto en Espa\u00f1a?<\/strong><\/h2>\n\n\n\n<p>A partir de los art\u00edculos publicados, podemos ver que en Espa\u00f1a, la historia y las pol\u00edticas regionales reflejan <strong>disparidades significativas en el acceso al aborto<\/strong>, donde algunas <strong>regiones como Asturias fueron pioneras en la implementaci\u00f3n de abortos no punibles<\/strong>, mientras que otras como <strong>Palencia, Segovia, \u00c1vila, Zamora y Soria no realizaron abortos entre 2017 y 2021 <\/strong>porque los m\u00e9dicos de los hospitales p\u00fablicos afirmaron ser objetores de conciencia sobre esta pr\u00e1ctica.<\/p>\n\n\n\n<p><strong>Estas diferencias obligan a mujeres de regiones como Toledo y La Rioja a buscar servicios fuera de sus \u00e1reas<\/strong>. Mientras tanto, iniciativas como la introducci\u00f3n en Catalu\u00f1a de abortos farmac\u00e9uticos en centros p\u00fablicos destacan movimientos progresivos para aumentar la accesibilidad. Sin embargo, <strong>la falta de capacitaci\u00f3n y limitaciones de financiaci\u00f3n evidencian las brechas persistentes en el derecho a la salud reproductiva<\/strong>, como lo demuestra el caso de Antonia Correa en Murcia, que llev\u00f3 a reconocer la vulneraci\u00f3n de derechos por tener que desplazarse para acceder a un aborto.<\/p>\n\n\n\n<p class=\"has-luminous-vivid-amber-background-color has-background\">Todos estos elementos subrayan <strong>la complejidad y la urgencia de mejorar el acceso a servicios de aborto en Espa\u00f1a<\/strong>, asegurando que todos los aspectos de la salud reproductiva sean accesibles y respeten los derechos de las mujeres.<\/p>\n\n\n\n<h2 id=\"gt-datos-tecnicos-y-curiosos-sobre-los-articulos\" class=\"wp-block-heading\"><strong>&gt; Datos t\u00e9cnicos y curiosos sobre los art\u00edculos<\/strong><\/h2>\n\n\n\n<ul class=\"wp-block-list\">\n<li>Si convirti\u00e9ramos estos art\u00edculos a formato PDF, el art\u00edculo m\u00e1s largo ser\u00eda Aborto en Madrid, con 33 p\u00e1ginas, seguido de Aborto en Catalu\u00f1a, con 30 p\u00e1ginas. Todos los art\u00edculos reci\u00e9n creados sumar\u00eda <strong>389 p\u00e1ginas<\/strong>.<\/li>\n\n\n\n<li>Los art\u00edculos m\u00e1s cortos, Aborto en Ceuta y Aborto en Melilla, tendr\u00edan la misma longitud que el art\u00edculo ya existente de Aborto en Espa\u00f1a (9 p\u00e1ginas), aunque los dos primeros tienen casi el doble de bytes por tener m\u00e1s tablas.<\/li>\n\n\n\n<li>En total, los <strong>20 art\u00edculos<\/strong> reci\u00e9n creados sobre el aborto tienen <strong>2.300 referencias<\/strong>, con una media de <strong>115 referencias por art\u00edculo<\/strong>. El art\u00edculo con m\u00e1s referencias es Aborto en Madrid, con 206. Por comparar, el art\u00edculo que ya exist\u00eda, Aborto en Espa\u00f1a, tiene 69 referencias.<\/li>\n\n\n\n<li>En total, los 20 art\u00edculos reci\u00e9n creados incluyen <strong>199 tablas<\/strong> con datos, con una media de 9,95 tablas por art\u00edculo.<\/li>\n\n\n\n<li>La cantidad total de bytes nuevos a\u00f1adidos a Wikipedia es de m\u00e1s de 2 millones (<strong>2.040.928 bytes<\/strong>). Los art\u00edculos de Madrid, Catalu\u00f1a, Valencia y Andaluc\u00eda tienen todos m\u00e1s de 130.000 bytes, con Madrid cerca de los 200.000.<\/li>\n<\/ul>\n\n\n\n<h2 id=\"gt-siguientes-pasos\" class=\"wp-block-heading\"><strong>&gt; Siguientes pasos<\/strong><\/h2>\n\n\n\n<p>Como parte de nuestra lucha para combatir la brecha de g\u00e9nero en Wikipedia, en Wikiesfera estamos comprometidas en ir m\u00e1s all\u00e1 de la creaci\u00f3n de biograf\u00edas de mujeres referentes en diferentes \u00e1mbitos y <strong>abordar temas cr\u00edticos relacionados con la salud y los derechos de las mujeres<\/strong>. La campa\u00f1a sobre el aborto en Espa\u00f1a es solo un ejemplo de c\u00f3mo, en nuestra comunidad de editoras, estamos trabajando para <strong>corregir las brechas de conocimiento y promover la equidad<\/strong> en una de las plataformas de conocimiento m\u00e1s importantes del mundo.<\/p>\n\n\n\n<p>Tenemos la intenci\u00f3n de llevar la informaci\u00f3n sobre el aborto en Espa\u00f1a a un p\u00fablico a\u00fan m\u00e1s amplio al buscar traducir los art\u00edculos creados a varios idiomas. Este paso adicional asegurar\u00e1 que la informaci\u00f3n sea accesible para una audiencia a\u00fan m\u00e1s grande, contribuyendo as\u00ed a una <strong>mayor conciencia y comprensi\u00f3n sobre un tema tan relevante y significativo<\/strong>.<\/p>\n\n\n\n<p>Os invitamos a uniros a este esfuerzo colaborativo para <strong>promover la inclusi\u00f3n y la equidad en Wikipedia y en la sociedad en general<\/strong>.<\/p>\n\n\n\n<h2 id=\"gt-lista-de-articulos\" class=\"wp-block-heading\"><strong>&gt; Lista de art\u00edculos<\/strong><\/h2>\n\n\n\n<ol class=\"wp-block-list\">\n<li><a href=\"https:\/\/es.wikipedia.org\/wiki\/Aborto_en_Andaluc%C3%ADa\">Aborto en Andaluc\u00eda<\/a><\/li>\n\n\n\n<li><a href=\"https:\/\/es.wikipedia.org\/wiki\/Aborto_en_Arag%C3%B3n\">Aborto en Arag\u00f3n<\/a><\/li>\n\n\n\n<li><a href=\"https:\/\/es.wikipedia.org\/wiki\/Aborto_en_Asturias\">Aborto en Asturias<\/a><\/li>\n\n\n\n<li><a href=\"https:\/\/es.wikipedia.org\/wiki\/Aborto_en_Cantabria\">Aborto en Cantabria<\/a><\/li>\n\n\n\n<li><a href=\"https:\/\/es.wikipedia.org\/wiki\/Aborto_en_Castilla_y_Le%C3%B3n\">Aborto en Castilla y Le\u00f3n<\/a><\/li>\n\n\n\n<li><a href=\"https:\/\/es.wikipedia.org\/wiki\/Aborto_en_Castilla-La_Mancha\">Aborto en Castilla-La Mancha<\/a><\/li>\n\n\n\n<li><a href=\"https:\/\/es.wikipedia.org\/wiki\/Aborto_en_Catalu%C3%B1a\">Aborto en Catalu\u00f1a<\/a><\/li>\n\n\n\n<li><a href=\"https:\/\/es.wikipedia.org\/wiki\/Aborto_en_Ceuta\">Aborto en Ceuta<\/a><\/li>\n\n\n\n<li><a href=\"https:\/\/es.wikipedia.org\/wiki\/Aborto_en_el_Pa%C3%ADs_Vasco\">Aborto en el Pa\u00eds Vasco<\/a><\/li>\n\n\n\n<li><a href=\"https:\/\/es.wikipedia.org\/wiki\/Aborto_en_Extremadura\">Aborto en Extremadura<\/a><\/li>\n\n\n\n<li><a href=\"https:\/\/es.wikipedia.org\/wiki\/Aborto_en_Galicia\">Aborto en Galicia<\/a><\/li>\n\n\n\n<li><a href=\"https:\/\/es.wikipedia.org\/wiki\/Aborto_en_la_Comunidad_de_Madrid\">Aborto en la Comunidad de Madrid<\/a><\/li>\n\n\n\n<li><a href=\"https:\/\/es.wikipedia.org\/wiki\/Aborto_en_la_Comunidad_Valenciana\">Aborto en la Comunidad Valenciana<\/a><\/li>\n\n\n\n<li><a href=\"https:\/\/es.wikipedia.org\/wiki\/Aborto_en_la_Regi%C3%B3n_de_Murcia\">Aborto en la Regi\u00f3n de Murcia<\/a><\/li>\n\n\n\n<li><a href=\"https:\/\/es.wikipedia.org\/wiki\/Aborto_en_La_Rioja\">Aborto en La Rioja<\/a><\/li>\n\n\n\n<li><a href=\"https:\/\/es.wikipedia.org\/wiki\/Aborto_en_las_Islas_Baleares\">Aborto en las Islas Baleares<\/a><\/li>\n\n\n\n<li><a href=\"https:\/\/es.wikipedia.org\/wiki\/Aborto_en_las_Islas_Canarias\">Aborto en las Islas Canarias<\/a><\/li>\n\n\n\n<li><a href=\"https:\/\/es.wikipedia.org\/wiki\/Aborto_en_Melilla\">Aborto en Melilla<\/a><\/li>\n\n\n\n<li><a href=\"https:\/\/es.wikipedia.org\/wiki\/Aborto_en_Navarra\">Aborto en Navarra<\/a><\/li>\n\n\n\n<li><a href=\"https:\/\/es.wikipedia.org\/wiki\/Aborto_de_mujeres_espa%C3%B1olas_en_el_exterior\">Aborto de mujeres espa\u00f1olas en el exterior<\/a><\/li>\n<\/ol>\n","protected":false},"excerpt":{"rendered":"<p>Por Mar\u00eda Sefidari Huici [Raystorm]<\/p>\n","protected":false},"author":1,"featured_media":5517,"comment_status":"closed","ping_status":"closed","sticky":false,"template":"","format":"standard","meta":{"_coblocks_attr":"","_coblocks_dimensions":"","_coblocks_responsive_height":"","_coblocks_accordion_ie_support":"","footnotes":""},"categories":[131],"tags":[356,358],"class_list":["post-5023","post","type-post","status-publish","format-standard","has-post-thumbnail","hentry","category-divulgacion","tag-aborto","tag-salud-femenina","loop-entry clr"],"_links":{"self":[{"href":"https:\/\/www.wikiesfera.org\/es\/wp-json\/wp\/v2\/posts\/5023","targetHints":{"allow":["GET"]}}],"collection":[{"href":"https:\/\/www.wikiesfera.org\/es\/wp-json\/wp\/v2\/posts"}],"about":[{"href":"https:\/\/www.wikiesfera.org\/es\/wp-json\/wp\/v2\/types\/post"}],"author":[{"embeddable":true,"href":"https:\/\/www.wikiesfera.org\/es\/wp-json\/wp\/v2\/users\/1"}],"replies":[{"embeddable":true,"href":"https:\/\/www.wikiesfera.org\/es\/wp-json\/wp\/v2\/comments?post=5023"}],"version-history":[{"count":18,"href":"https:\/\/www.wikiesfera.org\/es\/wp-json\/wp\/v2\/posts\/5023\/revisions"}],"predecessor-version":[{"id":9492,"href":"https:\/\/www.wikiesfera.org\/es\/wp-json\/wp\/v2\/posts\/5023\/revisions\/9492"}],"wp:featuredmedia":[{"embeddable":true,"href":"https:\/\/www.wikiesfera.org\/es\/wp-json\/wp\/v2\/media\/5517"}],"wp:attachment":[{"href":"https:\/\/www.wikiesfera.org\/es\/wp-json\/wp\/v2\/media?parent=5023"}],"wp:term":[{"taxonomy":"category","embeddable":true,"href":"https:\/\/www.wikiesfera.org\/es\/wp-json\/wp\/v2\/categories?post=5023"},{"taxonomy":"post_tag","embeddable":true,"href":"https:\/\/www.wikiesfera.org\/es\/wp-json\/wp\/v2\/tags?post=5023"}],"curies":[{"name":"wp","href":"https:\/\/api.w.org\/{rel}","templated":true}]}}