{"id":3521,"date":"2022-10-11T17:23:02","date_gmt":"2022-10-11T17:23:02","guid":{"rendered":"\/?p=3521"},"modified":"2024-11-29T12:24:05","modified_gmt":"2024-11-29T12:24:05","slug":"identidades-comunes-ii","status":"publish","type":"post","link":"https:\/\/www.wikiesfera.org\/es\/2022\/10\/11\/identidades-comunes-ii\/","title":{"rendered":"Identidades Comunes II"},"content":{"rendered":"\n<p>El pasado 20 de septiembre tuve la oportunidad de participar en el <strong>II Encuentro Nacional de Ciencia Ciudadana en Ciencias Sociales y Humanidades: <a rel=\"noreferrer noopener\" href=\"https:\/\/ibercivis.es\/identidades-comunes-ii\/\" target=\"_blank\">Identidades Comunes<\/a><\/strong> (#identidadescomunes2) en <strong>Etop\u00eda, Centro de Arte y Tecnolog\u00eda<\/strong> (<a rel=\"noreferrer noopener\" href=\"https:\/\/twitter.com\/etopia_\" target=\"_blank\">@etopia_<\/a>) en Zaragoza, organizado por la <strong>Fundaci\u00f3n Ibercivis<\/strong> (<a href=\"https:\/\/twitter.com\/Ibercivis\">@Ibercivis<\/a>).<\/p>\n\n\n\n<p>Despu\u00e9s de escuchar propuestas interesantes y muy variadas sobre ciencia ciudadana en nuestro pa\u00eds, pude explicar lo que hacemos desde <strong>Wikiesfera como grupo de aprendizaje que combate activamente la brecha de g\u00e9nero en Wikipedia desde 2015<\/strong>. Os dejo mi intervenci\u00f3n:<\/p>\n\n\n\n<iframe src=\"https:\/\/www.youtube.com\/embed\/emA-SFE1rKA\" width=\"560\" height=\"315\" frameborder=\"0\" allowfullscreen=\"allowfullscreen\" data-mce-fragment=\"1\"><span data-mce-type=\"bookmark\" style=\"display: inline-block; width: 0px; overflow: hidden; line-height: 0;\" class=\"mce_SELRES_start\">\ufeff<\/span><\/iframe>\n\n\n\n<hr class=\"wp-block-separator has-alpha-channel-opacity\"\/>\n\n\n\n<p>Nuestra participaci\u00f3n en este encuentro ha servido, adem\u00e1s, para que Wikiesfera sea incluido como <a rel=\"noreferrer noopener\" href=\"https:\/\/ciencia-ciudadana.es\/proyecto-cc\/wikiesfera\/\" target=\"_blank\">proyecto de Ciencia Ciudadana<\/a> en el listado que elabora la <strong>Fundaci\u00f3n Espa\u00f1ola para la Ciencia y la Tecnolog\u00eda<\/strong> (FECYT) y el <strong>Ministerio de Ciencia e Innovaci\u00f3n<\/strong>.<\/p>\n","protected":false},"excerpt":{"rendered":"<p>Cr\u00f3nica de Patricia Horrillo representando a Wikiesfera en el II Encuentro Nacional de Ciencia Ciudadana en Ciencias Sociales y Humanidades celebrado en Zaragoza. <\/p>\n","protected":false},"author":6,"featured_media":3537,"comment_status":"closed","ping_status":"closed","sticky":false,"template":"","format":"standard","meta":{"_coblocks_attr":"","_coblocks_dimensions":"","_coblocks_responsive_height":"","_coblocks_accordion_ie_support":"","footnotes":""},"categories":[378],"tags":[167,200],"class_list":["post-3521","post","type-post","status-publish","format-standard","has-post-thumbnail","hentry","category-noticias","tag-brecha-de-genero","tag-ciencia-ciudadana","loop-entry clr"],"_links":{"self":[{"href":"https:\/\/www.wikiesfera.org\/es\/wp-json\/wp\/v2\/posts\/3521","targetHints":{"allow":["GET"]}}],"collection":[{"href":"https:\/\/www.wikiesfera.org\/es\/wp-json\/wp\/v2\/posts"}],"about":[{"href":"https:\/\/www.wikiesfera.org\/es\/wp-json\/wp\/v2\/types\/post"}],"author":[{"embeddable":true,"href":"https:\/\/www.wikiesfera.org\/es\/wp-json\/wp\/v2\/users\/6"}],"replies":[{"embeddable":true,"href":"https:\/\/www.wikiesfera.org\/es\/wp-json\/wp\/v2\/comments?post=3521"}],"version-history":[{"count":6,"href":"https:\/\/www.wikiesfera.org\/es\/wp-json\/wp\/v2\/posts\/3521\/revisions"}],"predecessor-version":[{"id":5292,"href":"https:\/\/www.wikiesfera.org\/es\/wp-json\/wp\/v2\/posts\/3521\/revisions\/5292"}],"wp:featuredmedia":[{"embeddable":true,"href":"https:\/\/www.wikiesfera.org\/es\/wp-json\/wp\/v2\/media\/3537"}],"wp:attachment":[{"href":"https:\/\/www.wikiesfera.org\/es\/wp-json\/wp\/v2\/media?parent=3521"}],"wp:term":[{"taxonomy":"category","embeddable":true,"href":"https:\/\/www.wikiesfera.org\/es\/wp-json\/wp\/v2\/categories?post=3521"},{"taxonomy":"post_tag","embeddable":true,"href":"https:\/\/www.wikiesfera.org\/es\/wp-json\/wp\/v2\/tags?post=3521"}],"curies":[{"name":"wp","href":"https:\/\/api.w.org\/{rel}","templated":true}]}}