{"id":11968,"date":"2026-04-24T14:25:26","date_gmt":"2026-04-24T14:25:26","guid":{"rendered":"https:\/\/www.wikiesfera.org\/?p=11968"},"modified":"2026-04-26T17:33:52","modified_gmt":"2026-04-26T17:33:52","slug":"editatona-de-escritoras-gallegas-16m-wikimorada","status":"publish","type":"post","link":"https:\/\/www.wikiesfera.org\/es\/2026\/04\/24\/editatona-de-escritoras-gallegas-16m-wikimorada\/","title":{"rendered":"Editatona de escritoras gallegas #16M | [WikiMorada]"},"content":{"rendered":"\n<div class=\"wp-block-columns is-layout-flex wp-container-core-columns-is-layout-9d6595d7 wp-block-columns-is-layout-flex\">\n<div class=\"wp-block-column is-layout-flow wp-block-column-is-layout-flow\" style=\"flex-basis:66.66%\">\n<p>Desde <strong>Wikiesfera<\/strong>, en coordinaci\u00f3n con&nbsp;la <strong><a href=\"https:\/\/www.amoradacooperativa.com\/\" target=\"_blank\" rel=\"noreferrer noopener\">A Morada Cooperativa<\/a><\/strong>&nbsp;y subvencionada por el <strong><a href=\"https:\/\/www.instagram.com\/culturagob\/\" target=\"_blank\" rel=\"noreferrer noopener\">Ministerio<\/a><a href=\"https:\/\/www.instagram.com\/culturagob\/\"> de Cultura<\/a><\/strong> en el marco del proyecto <strong><em><a href=\"https:\/\/www.wikiesfera.org\/es\/creacion-de-comunidades\/\" target=\"_blank\" rel=\"noreferrer noopener\">\u201cCreaci\u00f3n de comunidades de conocimiento libre con enfoque feminista\u201d<\/a><\/em><\/strong>, os invitamos a participar en la <strong>Editatona de escritoras gallegas <\/strong>que se celebrar\u00e1 en el marco del <a href=\"https:\/\/es.wikipedia.org\/wiki\/D%C3%ADa_de_las_Letras_Gallegas\">D\u00eda de las Letras Gallegas<\/a> 2026.<\/p>\n\n\n\n<p>Una <em><strong>editatona<\/strong><\/em> o marat\u00f3n de edici\u00f3n es una <strong>actividad colaborativa para crear y mejorar contenidos en Wikipedia<\/strong>, reducir la brecha de g\u00e9nero y visibilizar las aportaciones de las mujeres a la historia, la cultura y la sociedad.<\/p>\n<\/div>\n\n\n\n<div class=\"wp-block-column is-layout-flow wp-block-column-is-layout-flow\" style=\"flex-basis:33.33%\">\n<figure class=\"wp-block-image size-large\"><img fetchpriority=\"high\" decoding=\"async\" width=\"1024\" height=\"544\" src=\"https:\/\/www.wikiesfera.org\/wp-content\/uploads\/2026\/02\/Cabecera-BLOG-2-1024x544.png\" alt=\"\" class=\"wp-image-11065\" srcset=\"https:\/\/www.wikiesfera.org\/wp-content\/uploads\/2026\/02\/Cabecera-BLOG-2-1024x544.png 1024w, https:\/\/www.wikiesfera.org\/wp-content\/uploads\/2026\/02\/Cabecera-BLOG-2-300x159.png 300w, https:\/\/www.wikiesfera.org\/wp-content\/uploads\/2026\/02\/Cabecera-BLOG-2-768x408.png 768w, https:\/\/www.wikiesfera.org\/wp-content\/uploads\/2026\/02\/Cabecera-BLOG-2-18x10.png 18w, https:\/\/www.wikiesfera.org\/wp-content\/uploads\/2026\/02\/Cabecera-BLOG-2-150x80.png 150w, https:\/\/www.wikiesfera.org\/wp-content\/uploads\/2026\/02\/Cabecera-BLOG-2-640x340.png 640w, https:\/\/www.wikiesfera.org\/wp-content\/uploads\/2026\/02\/Cabecera-BLOG-2-400x213.png 400w, https:\/\/www.wikiesfera.org\/wp-content\/uploads\/2026\/02\/Cabecera-BLOG-2.png 1280w\" sizes=\"(max-width: 1024px) 100vw, 1024px\" \/><\/figure>\n<\/div>\n<\/div>\n\n\n\n<p>En esta ocasi\u00f3n, la jornada estar\u00e1 <strong>centrada en la creaci\u00f3n y traducci\u00f3n de art\u00edculos sobre escritoras gallegas<\/strong> y sus obras,<strong> tanto en espa\u00f1ol como en gallego<\/strong>, contribuyendo a ampliar su presencia en Wikipedia y a reconocer su trabajo en el \u00e1mbito cultural. Durante la sesi\u00f3n trabajaremos tanto aspectos pr\u00e1cticos de edici\u00f3n como la publicaci\u00f3n de contenidos, en un espacio de aprendizaje colectivo y de acompa\u00f1amiento.<\/p>\n\n\n\n<p><strong>Esta actividad<\/strong><strong> forma parte del impulso de Wikiesfera a las comunidades locales de edici\u00f3n<\/strong>. Busca dar continuidad al trabajo iniciado en Galicia, reforzando el nodo local de editoras <strong>WikiMorada<\/strong>, que dio sus primeros pasos en junio de 2024, favoreciendo la creaci\u00f3n de una red activa comprometida con el conocimiento libre con perspectiva de g\u00e9nero.<\/p>\n\n\n\n<p><\/p>\n\n\n\n<h2 id=\"gt-experta\" class=\"wp-block-heading\"><strong>&gt; Experta<\/strong><\/h2>\n\n\n\n<div class=\"wp-block-columns is-layout-flex wp-container-core-columns-is-layout-9d6595d7 wp-block-columns-is-layout-flex\">\n<div class=\"wp-block-column is-layout-flow wp-block-column-is-layout-flow\" style=\"flex-basis:66.66%\">\n<p>En esta ocasi\u00f3n nos acompa\u00f1ar\u00e1 <strong><a href=\"https:\/\/www.linkedin.com\/in\/natalia-alonso-arduengo-49265b63\/\">Silvia Penas<\/a><\/strong> (<a href=\"https:\/\/www.instagram.com\/silvia_penas_estevez\/#\">@silvia_penas_estevez<\/a>), <strong>escritora viguesa<\/strong> y una de las voces destacadas de la <strong>poes\u00eda gallega contempor\u00e1nea<\/strong>. Licenciada en Filolog\u00eda Gallega, ha desarrollado una trayectoria vinculada tanto a la creaci\u00f3n literaria como a la poes\u00eda esc\u00e9nica, participando en recitales, festivales y proyectos colectivos.<\/p>\n\n\n\n<p><strong>Su obra, escrita principalmente en gallego,<\/strong> incluye t\u00edtulos como <em>As u\u00f1as crecen<\/em> (2014), <em>Diario de ladras, bailarinas, asesinas e flores<\/em> (2016), <em>Fronteira para\u00edso<\/em> (2019), <em>O resto \u00e9 ceu<\/em> (2021) y <em>Retratos de vodas, partos e funerais<\/em> (2023).<\/p>\n\n\n\n<p>A lo largo de su carrera ha recibido diversos reconocimientos, entre ellos el <strong>Premio Lueiro Rey<\/strong>, el <strong>Premio Avelina Valladares <\/strong>y el <strong>Premio Concello de Carral<\/strong> (2024), consolid\u00e1ndose como una autora relevante en el panorama literario actual.<\/p>\n\n\n\n<h2 id=\"gt-jornada-homenaje-a-begona-caamano\" class=\"wp-block-heading\"><strong>&gt; Jornada homenaje a Bego\u00f1a Caama\u00f1o<\/strong><\/h2>\n\n\n\n<p>La editatona formar\u00e1 parte del programa de la jornada que el mismo 16 de mayo <strong>A Morada Cooperativa<\/strong> llevar\u00e1 a cabo para honrar la figura de la escritora <a href=\"https:\/\/es.wikipedia.org\/wiki\/Bego%C3%B1a_Caama%C3%B1o\" data-type=\"link\" data-id=\"https:\/\/es.wikipedia.org\/wiki\/Bego%C3%B1a_Caama%C3%B1o\"><strong>Bego\u00f1a Caama\u00f1o<\/strong><\/a> (1964-2014), a la que la <a href=\"https:\/\/es.wikipedia.org\/wiki\/Real_Academia_Gallega\" data-type=\"link\" data-id=\"https:\/\/es.wikipedia.org\/wiki\/Real_Academia_Gallega\">Real Academia Galega<\/a> le dedicar\u00e1 el <strong>D\u00eda das Letras Galegas 2026<\/strong>.<\/p>\n<\/div>\n\n\n\n<div class=\"wp-block-column is-layout-flow wp-block-column-is-layout-flow\" style=\"flex-basis:33.33%\">\n<figure class=\"wp-block-image size-full\"><img decoding=\"async\" width=\"1396\" height=\"1514\" src=\"https:\/\/www.wikiesfera.org\/wp-content\/uploads\/2026\/04\/Silvia_Penas_Estevez_cropped.jpg\" alt=\"\" class=\"wp-image-11974\" srcset=\"https:\/\/www.wikiesfera.org\/wp-content\/uploads\/2026\/04\/Silvia_Penas_Estevez_cropped.jpg 1396w, https:\/\/www.wikiesfera.org\/wp-content\/uploads\/2026\/04\/Silvia_Penas_Estevez_cropped-277x300.jpg 277w, https:\/\/www.wikiesfera.org\/wp-content\/uploads\/2026\/04\/Silvia_Penas_Estevez_cropped-944x1024.jpg 944w, https:\/\/www.wikiesfera.org\/wp-content\/uploads\/2026\/04\/Silvia_Penas_Estevez_cropped-768x833.jpg 768w, https:\/\/www.wikiesfera.org\/wp-content\/uploads\/2026\/04\/Silvia_Penas_Estevez_cropped-11x12.jpg 11w, https:\/\/www.wikiesfera.org\/wp-content\/uploads\/2026\/04\/Silvia_Penas_Estevez_cropped-138x150.jpg 138w, https:\/\/www.wikiesfera.org\/wp-content\/uploads\/2026\/04\/Silvia_Penas_Estevez_cropped-400x434.jpg 400w\" sizes=\"(max-width: 1396px) 100vw, 1396px\" \/><\/figure>\n\n\n\n<p><\/p>\n\n\n\n<figure class=\"wp-block-image size-full\"><img decoding=\"async\" width=\"810\" height=\"1012\" src=\"https:\/\/www.wikiesfera.org\/wp-content\/uploads\/2026\/04\/BEGONA-CAAMANO-1.jpg\" alt=\"\" class=\"wp-image-11983\" srcset=\"https:\/\/www.wikiesfera.org\/wp-content\/uploads\/2026\/04\/BEGONA-CAAMANO-1.jpg 810w, https:\/\/www.wikiesfera.org\/wp-content\/uploads\/2026\/04\/BEGONA-CAAMANO-1-240x300.jpg 240w, https:\/\/www.wikiesfera.org\/wp-content\/uploads\/2026\/04\/BEGONA-CAAMANO-1-768x960.jpg 768w, https:\/\/www.wikiesfera.org\/wp-content\/uploads\/2026\/04\/BEGONA-CAAMANO-1-10x12.jpg 10w, https:\/\/www.wikiesfera.org\/wp-content\/uploads\/2026\/04\/BEGONA-CAAMANO-1-120x150.jpg 120w, https:\/\/www.wikiesfera.org\/wp-content\/uploads\/2026\/04\/BEGONA-CAAMANO-1-400x500.jpg 400w\" sizes=\"(max-width: 810px) 100vw, 810px\" \/><\/figure>\n<\/div>\n<\/div>\n\n\n\n<h2 class=\"wp-block-heading has-white-color has-text-color has-background has-link-color wp-elements-70e2838fc3c739cf1bc2ea42a66c50a7\" id=\"quien-puede-participar\" style=\"background-color:#ff3131\"><strong>&gt; \u00bfQui\u00e9n puede participar?<\/strong><\/h2>\n\n\n\n<p><\/p>\n\n\n\n<p>Esta editatona est\u00e1 dirigida a cualquier persona interesada en <strong>visibilizar en Wikipedia las vidas y las contribuciones de las escritoras gallegas<\/strong>. No son necesarios conocimientos previos pero s\u00ed <strong>debes traer tu ordenador port\u00e1til<\/strong>.<\/p>\n\n\n\n<h3 id=\"gtgt-requisitos-basicos\" class=\"wp-block-heading\"><strong>&gt;&gt; Requisitos b\u00e1sicos<\/strong><\/h3>\n\n\n\n<p><\/p>\n\n\n\n<ul style=\"background:linear-gradient(135deg,rgb(254,205,165) 0%,rgb(255,145,77) 29%,rgb(255,49,49) 66%)\" class=\"wp-block-list has-background\">\n<li>&#x2705; <strong>Usas habitualmente el ordenador<\/strong><\/li>\n\n\n\n<li>&#x2705; Te gusta <strong>buscar informaci\u00f3n<\/strong> en Internet<\/li>\n\n\n\n<li>&#x2705; Sabes manejar un <strong>procesador de textos<\/strong><\/li>\n\n\n\n<li>&#x2705; <strong>Escribes con teclado<\/strong> con soltura<\/li>\n<\/ul>\n\n\n\n<p><\/p>\n\n\n\n<h3 id=\"gtgt-datos-del-encuentro\" class=\"wp-block-heading\"><strong>&gt;&gt; Datos del encuentro<\/strong><\/h3>\n\n\n\n<p><\/p>\n\n\n\n<ul style=\"background:linear-gradient(135deg,rgb(254,205,165) 0%,rgb(255,145,77) 29%,rgb(255,49,49) 66%)\" class=\"wp-block-list has-background\">\n<li>&#x1f4c6; <strong>FECHA:<\/strong> s\u00e1bado <strong>16 de mayo<\/strong> de 2026<\/li>\n\n\n\n<li>&#x23f0; <strong>HORA:<\/strong> de <strong>10:30h.<\/strong> a <strong>13:30h.<\/strong><\/li>\n\n\n\n<li>&#x1f4cd; <strong>LUGAR:<\/strong> <strong>A Morada Cooperativa<\/strong> | Rua Enrique X. Mac\u00edas, 6, Freijeiro, 36203 | <strong>VIGO<\/strong><\/li>\n\n\n\n<li>&#x270f;&#xfe0f; <strong>INSCRIPCI\u00d3N:<\/strong> ap\u00fantate en <strong><a href=\"https:\/\/forms.gle\/fjbBwfKyyJj1icBe7\" data-type=\"link\" data-id=\"https:\/\/forms.gle\/fjbBwfKyyJj1icBe7\">este formulario<\/a><\/strong><\/li>\n<\/ul>\n\n\n\n<p><\/p>\n\n\n\n<hr class=\"wp-block-separator has-alpha-channel-opacity\"\/>\n\n\n\n<h1 id=\"gt-colaboran\" class=\"wp-block-heading\"><strong>&gt; Colaboran<\/strong><\/h1>\n\n\n\n<div class=\"wp-block-columns are-vertically-aligned-center is-layout-flex wp-container-core-columns-is-layout-9d6595d7 wp-block-columns-is-layout-flex\">\n<div class=\"wp-block-column is-vertically-aligned-center is-layout-flow wp-block-column-is-layout-flow\"><div class=\"wp-block-image\">\n<figure class=\"alignleft size-full\"><img loading=\"lazy\" decoding=\"async\" width=\"771\" height=\"615\" src=\"https:\/\/www.wikiesfera.org\/wp-content\/uploads\/2026\/04\/logo-amorada-b.png\" alt=\"\" class=\"wp-image-11970\" srcset=\"https:\/\/www.wikiesfera.org\/wp-content\/uploads\/2026\/04\/logo-amorada-b.png 771w, https:\/\/www.wikiesfera.org\/wp-content\/uploads\/2026\/04\/logo-amorada-b-300x239.png 300w, https:\/\/www.wikiesfera.org\/wp-content\/uploads\/2026\/04\/logo-amorada-b-768x613.png 768w, https:\/\/www.wikiesfera.org\/wp-content\/uploads\/2026\/04\/logo-amorada-b-15x12.png 15w, https:\/\/www.wikiesfera.org\/wp-content\/uploads\/2026\/04\/logo-amorada-b-150x120.png 150w, https:\/\/www.wikiesfera.org\/wp-content\/uploads\/2026\/04\/logo-amorada-b-400x319.png 400w\" sizes=\"(max-width: 771px) 100vw, 771px\" \/><\/figure><\/div><\/div>\n\n\n\n<div class=\"wp-block-column is-vertically-aligned-center is-layout-flow wp-block-column-is-layout-flow\"><\/div>\n\n\n\n<div class=\"wp-block-column is-vertically-aligned-center is-layout-flow wp-block-column-is-layout-flow\"><\/div>\n\n\n\n<div class=\"wp-block-column is-vertically-aligned-center is-layout-flow wp-block-column-is-layout-flow\"><\/div>\n<\/div>\n\n\n\n<hr class=\"wp-block-separator has-alpha-channel-opacity\"\/>\n\n\n\n<h1 id=\"gt-financian\" class=\"wp-block-heading\"><strong>&gt; Financian<\/strong><\/h1>\n\n\n\n<div class=\"wp-block-columns are-vertically-aligned-center is-layout-flex wp-container-core-columns-is-layout-9d6595d7 wp-block-columns-is-layout-flex\">\n<div class=\"wp-block-column is-vertically-aligned-center is-layout-flow wp-block-column-is-layout-flow\"><div class=\"wp-block-image\">\n<figure class=\"alignleft size-large\"><img loading=\"lazy\" decoding=\"async\" width=\"1024\" height=\"217\" src=\"https:\/\/www.wikiesfera.org\/wp-content\/uploads\/2026\/02\/Copia-de-logotipo-color-min-1024x217.jpg\" alt=\"\" class=\"wp-image-11060\" srcset=\"https:\/\/www.wikiesfera.org\/wp-content\/uploads\/2026\/02\/Copia-de-logotipo-color-min-1024x217.jpg 1024w, https:\/\/www.wikiesfera.org\/wp-content\/uploads\/2026\/02\/Copia-de-logotipo-color-min-300x64.jpg 300w, https:\/\/www.wikiesfera.org\/wp-content\/uploads\/2026\/02\/Copia-de-logotipo-color-min-768x163.jpg 768w, https:\/\/www.wikiesfera.org\/wp-content\/uploads\/2026\/02\/Copia-de-logotipo-color-min-1536x326.jpg 1536w, https:\/\/www.wikiesfera.org\/wp-content\/uploads\/2026\/02\/Copia-de-logotipo-color-min-2048x435.jpg 2048w, https:\/\/www.wikiesfera.org\/wp-content\/uploads\/2026\/02\/Copia-de-logotipo-color-min-18x4.jpg 18w, https:\/\/www.wikiesfera.org\/wp-content\/uploads\/2026\/02\/Copia-de-logotipo-color-min-150x32.jpg 150w, https:\/\/www.wikiesfera.org\/wp-content\/uploads\/2026\/02\/Copia-de-logotipo-color-min-400x85.jpg 400w\" sizes=\"(max-width: 1024px) 100vw, 1024px\" \/><\/figure><\/div><\/div>\n\n\n\n<div class=\"wp-block-column is-layout-flow wp-block-column-is-layout-flow\"><div class=\"wp-block-image\">\n<figure class=\"alignleft size-large\"><img loading=\"lazy\" decoding=\"async\" width=\"1024\" height=\"238\" src=\"https:\/\/www.wikiesfera.org\/wp-content\/uploads\/2018\/04\/Wikimedia_Foundation_logo_-_horizontal.svg_-1024x238.png\" alt=\"\" class=\"wp-image-1036\" srcset=\"https:\/\/www.wikiesfera.org\/wp-content\/uploads\/2018\/04\/Wikimedia_Foundation_logo_-_horizontal.svg_-1024x238.png 1024w, https:\/\/www.wikiesfera.org\/wp-content\/uploads\/2018\/04\/Wikimedia_Foundation_logo_-_horizontal.svg_-300x70.png 300w, https:\/\/www.wikiesfera.org\/wp-content\/uploads\/2018\/04\/Wikimedia_Foundation_logo_-_horizontal.svg_-768x179.png 768w, https:\/\/www.wikiesfera.org\/wp-content\/uploads\/2018\/04\/Wikimedia_Foundation_logo_-_horizontal.svg_-150x35.png 150w, https:\/\/www.wikiesfera.org\/wp-content\/uploads\/2018\/04\/Wikimedia_Foundation_logo_-_horizontal.svg_-400x93.png 400w, https:\/\/www.wikiesfera.org\/wp-content\/uploads\/2018\/04\/Wikimedia_Foundation_logo_-_horizontal.svg_.png 2000w\" sizes=\"(max-width: 1024px) 100vw, 1024px\" \/><\/figure><\/div><\/div>\n<\/div>\n\n\n\n<p><\/p>\n","protected":false},"excerpt":{"rendered":"<p>Editatona de Wikipedia en Vigo dentro del proyecto \u00abComunidades de conocimiento libre con enfoque feminista\u00bb<\/p>\n","protected":false},"author":4,"featured_media":11973,"comment_status":"closed","ping_status":"closed","sticky":false,"template":"","format":"standard","meta":{"_coblocks_attr":"","_coblocks_dimensions":"","_coblocks_responsive_height":"","_coblocks_accordion_ie_support":"","footnotes":""},"categories":[129],"tags":[411,170,381,400,412],"class_list":["post-11968","post","type-post","status-publish","format-standard","has-post-thumbnail","hentry","category-convocatorias","tag-amorada","tag-editatona","tag-glam","tag-ministerio-de-cultura","tag-wikimorada","loop-entry clr"],"_links":{"self":[{"href":"https:\/\/www.wikiesfera.org\/es\/wp-json\/wp\/v2\/posts\/11968","targetHints":{"allow":["GET"]}}],"collection":[{"href":"https:\/\/www.wikiesfera.org\/es\/wp-json\/wp\/v2\/posts"}],"about":[{"href":"https:\/\/www.wikiesfera.org\/es\/wp-json\/wp\/v2\/types\/post"}],"author":[{"embeddable":true,"href":"https:\/\/www.wikiesfera.org\/es\/wp-json\/wp\/v2\/users\/4"}],"replies":[{"embeddable":true,"href":"https:\/\/www.wikiesfera.org\/es\/wp-json\/wp\/v2\/comments?post=11968"}],"version-history":[{"count":13,"href":"https:\/\/www.wikiesfera.org\/es\/wp-json\/wp\/v2\/posts\/11968\/revisions"}],"predecessor-version":[{"id":12041,"href":"https:\/\/www.wikiesfera.org\/es\/wp-json\/wp\/v2\/posts\/11968\/revisions\/12041"}],"wp:featuredmedia":[{"embeddable":true,"href":"https:\/\/www.wikiesfera.org\/es\/wp-json\/wp\/v2\/media\/11973"}],"wp:attachment":[{"href":"https:\/\/www.wikiesfera.org\/es\/wp-json\/wp\/v2\/media?parent=11968"}],"wp:term":[{"taxonomy":"category","embeddable":true,"href":"https:\/\/www.wikiesfera.org\/es\/wp-json\/wp\/v2\/categories?post=11968"},{"taxonomy":"post_tag","embeddable":true,"href":"https:\/\/www.wikiesfera.org\/es\/wp-json\/wp\/v2\/tags?post=11968"}],"curies":[{"name":"wp","href":"https:\/\/api.w.org\/{rel}","templated":true}]}}