{"id":11677,"date":"2026-03-25T19:39:22","date_gmt":"2026-03-25T19:39:22","guid":{"rendered":"https:\/\/www.wikiesfera.org\/?p=11677"},"modified":"2026-03-25T19:40:55","modified_gmt":"2026-03-25T19:40:55","slug":"wikiesfera-como-estudio-de-caso-publicado","status":"publish","type":"post","link":"https:\/\/www.wikiesfera.org\/es\/2026\/03\/25\/wikiesfera-como-estudio-de-caso-publicado\/","title":{"rendered":"Wikiesfera como estudio de caso: PUBLICADO"},"content":{"rendered":"\n<p>Se ha publicado el cap\u00edtulo <em><strong>\u201cConstruyendo Wikipedia desde una perspectiva feminista: el caso de Wikiesfera\u201d<\/strong><\/em> dentro del libro <em><strong>P\u00edxeles y patriarcado: mujeres en la era de la IA<\/strong><\/em> (Dykinson), que se puede <strong>descargar gratuitamente en <a href=\"https:\/\/www.dykinson.com\/libros\/pixeles-y-patriarcado-mujeres-en-la-era-de-la-ia\/9791370066369\/\">este enlace<\/a><\/strong>. La obra re\u00fane aportaciones de especialistas de distintos \u00e1mbitos para analizar c\u00f3mo las tecnolog\u00edas digitales siguen reproduciendo desigualdades estructurales que afectan a las mujeres, aportando una mirada cr\u00edtica y multidisciplinar sobre el papel de la IA y los entornos digitales.<\/p>\n\n\n\n<p><\/p>\n\n\n<div class=\"wp-block-image\">\n<figure class=\"aligncenter size-large is-resized\"><img fetchpriority=\"high\" decoding=\"async\" width=\"1024\" height=\"600\" src=\"https:\/\/www.wikiesfera.org\/wp-content\/uploads\/2026\/03\/Captura-de-pantalla-2026-03-25-a-las-20.38.30-1024x600.png\" alt=\"\" class=\"wp-image-11680\" style=\"width:598px;height:auto\" srcset=\"https:\/\/www.wikiesfera.org\/wp-content\/uploads\/2026\/03\/Captura-de-pantalla-2026-03-25-a-las-20.38.30-1024x600.png 1024w, https:\/\/www.wikiesfera.org\/wp-content\/uploads\/2026\/03\/Captura-de-pantalla-2026-03-25-a-las-20.38.30-300x176.png 300w, https:\/\/www.wikiesfera.org\/wp-content\/uploads\/2026\/03\/Captura-de-pantalla-2026-03-25-a-las-20.38.30-768x450.png 768w, https:\/\/www.wikiesfera.org\/wp-content\/uploads\/2026\/03\/Captura-de-pantalla-2026-03-25-a-las-20.38.30-18x12.png 18w, https:\/\/www.wikiesfera.org\/wp-content\/uploads\/2026\/03\/Captura-de-pantalla-2026-03-25-a-las-20.38.30-150x88.png 150w, https:\/\/www.wikiesfera.org\/wp-content\/uploads\/2026\/03\/Captura-de-pantalla-2026-03-25-a-las-20.38.30-400x234.png 400w, https:\/\/www.wikiesfera.org\/wp-content\/uploads\/2026\/03\/Captura-de-pantalla-2026-03-25-a-las-20.38.30.png 1144w\" sizes=\"(max-width: 1024px) 100vw, 1024px\" \/><\/figure><\/div>\n\n\n<p><\/p>\n\n\n\n<p>Este cap\u00edtulo se basa en la ponencia que Mar\u00eda Sefidari y Patricia Horrillo presentamos en julio de 2025 en el <a href=\"https:\/\/feminismodigital.org\/\"><strong>V Congreso Internacional de Feminismo Digital<\/strong><\/a> de la <strong>Universidad de Granada<\/strong>, donde compartimos la experiencia de Wikiesfera como comunidad que trabaja para reducir la brecha de g\u00e9nero en Wikipedia. La propuesta (que os compartimos <strong>en <a href=\"https:\/\/www.wikiesfera.org\/es\/2025\/09\/01\/wikiesfera-como-estudio-de-caso\/\">este post<\/a> donde ten\u00e9is tambi\u00e9n el v\u00eddeo<\/strong>) despert\u00f3 un gran inter\u00e9s entre la comunidad acad\u00e9mica, situ\u00e1ndose entre las m\u00e1s comentadas del encuentro. <\/p>\n\n\n\n<p>Con esta publicaci\u00f3n, <strong>damos un paso m\u00e1s en la documentaci\u00f3n y difusi\u00f3n de nuestro trabajo<\/strong>, contribuyendo al debate sobre c\u00f3mo construir espacios de conocimiento libre m\u00e1s justos e inclusivos.<\/p>\n","protected":false},"excerpt":{"rendered":"<p>Por Mar\u00eda Sefidari y Patricia Horrillo<\/p>\n","protected":false},"author":1,"featured_media":11678,"comment_status":"closed","ping_status":"closed","sticky":false,"template":"","format":"standard","meta":{"_coblocks_attr":"","_coblocks_dimensions":"","_coblocks_responsive_height":"","_coblocks_accordion_ie_support":"","footnotes":""},"categories":[131,378],"tags":[389],"class_list":["post-11677","post","type-post","status-publish","format-standard","has-post-thumbnail","hentry","category-divulgacion","category-noticias","tag-congresos","loop-entry clr"],"_links":{"self":[{"href":"https:\/\/www.wikiesfera.org\/es\/wp-json\/wp\/v2\/posts\/11677","targetHints":{"allow":["GET"]}}],"collection":[{"href":"https:\/\/www.wikiesfera.org\/es\/wp-json\/wp\/v2\/posts"}],"about":[{"href":"https:\/\/www.wikiesfera.org\/es\/wp-json\/wp\/v2\/types\/post"}],"author":[{"embeddable":true,"href":"https:\/\/www.wikiesfera.org\/es\/wp-json\/wp\/v2\/users\/1"}],"replies":[{"embeddable":true,"href":"https:\/\/www.wikiesfera.org\/es\/wp-json\/wp\/v2\/comments?post=11677"}],"version-history":[{"count":4,"href":"https:\/\/www.wikiesfera.org\/es\/wp-json\/wp\/v2\/posts\/11677\/revisions"}],"predecessor-version":[{"id":11683,"href":"https:\/\/www.wikiesfera.org\/es\/wp-json\/wp\/v2\/posts\/11677\/revisions\/11683"}],"wp:featuredmedia":[{"embeddable":true,"href":"https:\/\/www.wikiesfera.org\/es\/wp-json\/wp\/v2\/media\/11678"}],"wp:attachment":[{"href":"https:\/\/www.wikiesfera.org\/es\/wp-json\/wp\/v2\/media?parent=11677"}],"wp:term":[{"taxonomy":"category","embeddable":true,"href":"https:\/\/www.wikiesfera.org\/es\/wp-json\/wp\/v2\/categories?post=11677"},{"taxonomy":"post_tag","embeddable":true,"href":"https:\/\/www.wikiesfera.org\/es\/wp-json\/wp\/v2\/tags?post=11677"}],"curies":[{"name":"wp","href":"https:\/\/api.w.org\/{rel}","templated":true}]}}