{"id":11526,"date":"2026-03-25T09:35:38","date_gmt":"2026-03-25T09:35:38","guid":{"rendered":"https:\/\/www.wikiesfera.org\/?p=11526"},"modified":"2026-04-27T07:40:07","modified_gmt":"2026-04-27T07:40:07","slug":"editatona-de-artistas-asturianas","status":"publish","type":"post","link":"https:\/\/www.wikiesfera.org\/es\/2026\/03\/25\/editatona-de-artistas-asturianas\/","title":{"rendered":"Editatona de artistas asturianas #25A | [WikiAsturianes]"},"content":{"rendered":"\n<div class=\"wp-block-columns is-layout-flex wp-container-core-columns-is-layout-9d6595d7 wp-block-columns-is-layout-flex\">\n<div class=\"wp-block-column is-layout-flow wp-block-column-is-layout-flow\" style=\"flex-basis:66.66%\">\n<p>Desde <strong>Wikiesfera<\/strong>, en coordinaci\u00f3n con&nbsp;la <strong><a href=\"https:\/\/www.instagram.com\/laboralcentrodearte\/\" target=\"_blank\" rel=\"noreferrer noopener\">LABoral Centro de Arte y Creaci\u00f3n Industrial<\/a><\/strong>&nbsp;y subvencionada por el <strong><a href=\"https:\/\/www.instagram.com\/culturagob\/\" target=\"_blank\" rel=\"noreferrer noopener\">Ministerio<\/a><a href=\"https:\/\/www.instagram.com\/culturagob\/\"> de Cultura<\/a><\/strong> en el marco del proyecto <strong><em><a href=\"https:\/\/www.wikiesfera.org\/es\/creacion-de-comunidades\/\" target=\"_blank\" rel=\"noreferrer noopener\">\u201cCreaci\u00f3n de comunidades de conocimiento libre con enfoque feminista\u201d<\/a><\/em><\/strong>, os invitamos a participar en la <strong>Editatona de artistas asturianas.<\/strong><\/p>\n\n\n\n<p>Una <em><strong>editatona<\/strong><\/em> o marat\u00f3n de edici\u00f3n es una <strong>actividad colaborativa para crear y mejorar contenidos en Wikipedia<\/strong>, reducir la brecha de g\u00e9nero y visibilizar las aportaciones de las mujeres a la historia, la cultura y la sociedad.<\/p>\n<\/div>\n\n\n\n<div class=\"wp-block-column is-layout-flow wp-block-column-is-layout-flow\" style=\"flex-basis:33.33%\">\n<figure class=\"wp-block-image size-large\"><img fetchpriority=\"high\" decoding=\"async\" width=\"1024\" height=\"544\" src=\"https:\/\/www.wikiesfera.org\/wp-content\/uploads\/2026\/02\/Cabecera-BLOG-2-1024x544.png\" alt=\"\" class=\"wp-image-11065\" srcset=\"https:\/\/www.wikiesfera.org\/wp-content\/uploads\/2026\/02\/Cabecera-BLOG-2-1024x544.png 1024w, https:\/\/www.wikiesfera.org\/wp-content\/uploads\/2026\/02\/Cabecera-BLOG-2-300x159.png 300w, https:\/\/www.wikiesfera.org\/wp-content\/uploads\/2026\/02\/Cabecera-BLOG-2-768x408.png 768w, https:\/\/www.wikiesfera.org\/wp-content\/uploads\/2026\/02\/Cabecera-BLOG-2-18x10.png 18w, https:\/\/www.wikiesfera.org\/wp-content\/uploads\/2026\/02\/Cabecera-BLOG-2-150x80.png 150w, https:\/\/www.wikiesfera.org\/wp-content\/uploads\/2026\/02\/Cabecera-BLOG-2-640x340.png 640w, https:\/\/www.wikiesfera.org\/wp-content\/uploads\/2026\/02\/Cabecera-BLOG-2-400x213.png 400w, https:\/\/www.wikiesfera.org\/wp-content\/uploads\/2026\/02\/Cabecera-BLOG-2.png 1280w\" sizes=\"(max-width: 1024px) 100vw, 1024px\" \/><\/figure>\n<\/div>\n<\/div>\n\n\n\n<p>En esta ocasi\u00f3n, la jornada estar\u00e1 <strong>centrada en la creaci\u00f3n y traducci\u00f3n de art\u00edculos sobre artistas asturianas<\/strong>,<strong> tanto en espa\u00f1ol como en asturiano<\/strong>, contribuyendo a ampliar su presencia en Wikipedia y a reconocer su trabajo en el \u00e1mbito cultural. Durante la sesi\u00f3n trabajaremos tanto aspectos pr\u00e1cticos de edici\u00f3n como la publicaci\u00f3n de contenidos, en un espacio de aprendizaje colectivo y de acompa\u00f1amiento.<\/p>\n\n\n\n<p><strong>Esta actividad marca un hito al ser la primera editatona de Wikiesfera en Gij\u00f3n<\/strong> <strong>y forma parte del impulso a las comunidades locales de edici\u00f3n<\/strong>. Busca dar continuidad al trabajo iniciado en el territorio asturiano, reforzando el nodo local de editoras <strong>WikiAsturianes<\/strong>, que dio sus primeros pasos en febrero de 2025, favoreciendo la creaci\u00f3n de una red activa comprometida con el conocimiento libre con perspectiva de g\u00e9nero.<\/p>\n\n\n\n<p><\/p>\n\n\n\n<h2 id=\"gt-experta\" class=\"wp-block-heading\"><strong>&gt; Experta<\/strong><\/h2>\n\n\n\n<div class=\"wp-block-columns is-layout-flex wp-container-core-columns-is-layout-9d6595d7 wp-block-columns-is-layout-flex\">\n<div class=\"wp-block-column is-layout-flow wp-block-column-is-layout-flow\" style=\"flex-basis:66.66%\">\n<p>En esta ocasi\u00f3n nos acompa\u00f1ar\u00e1 <strong><a href=\"https:\/\/www.linkedin.com\/in\/natalia-alonso-arduengo-49265b63\/\">Natalia Alonso Arduengo<\/a><\/strong> (<a href=\"https:\/\/www.instagram.com\/natalia_alar\/\">@natalia_alar<\/a>), licenciada en Historia del Arte por la Universidad de Oviedo y profesional independiente del <strong>sector cultural, especializada en arte contempor\u00e1neo. <\/strong><\/p>\n\n\n\n<p>Ha desarrollado su trayectoria en estrecha vinculaci\u00f3n con el \u00e1mbito de las galer\u00edas y las ferias de arte. Desde hace m\u00e1s de una d\u00e9cada trabaja en <strong>comisariado y producci\u00f3n de exposiciones<\/strong>, cr\u00edtica de arte, as\u00ed como en la realizaci\u00f3n de conferencias y la moderaci\u00f3n de mesas redondas.<\/p>\n\n\n\n<p>Actualmente es directora comercial de Arteinformado, directora art\u00edstica de la feria ArteOviedo y directora de producci\u00f3n de exposiciones de Collegium. En el \u00e1mbito de las artes esc\u00e9nicas, es gerente de EscenAsturias (Asociaci\u00f3n de Empresas de Artes Esc\u00e9nicas de Asturias). Adem\u00e1s, es <strong>presidenta de la Asociaci\u00f3n Profesional de Gestores Culturales del Principado de Asturias<\/strong>.<\/p>\n\n\n\n<p>En 2025 fue galardonada con el <strong>Premio Gestora con Mejor Trayectoria de la Asociaci\u00f3n Mujeres Mirando Mujeres<\/strong>, en reconocimiento a su compromiso con la visibilizaci\u00f3n de las mujeres en el arte y a su mirada feminista en la gesti\u00f3n cultural.<br><br><br><\/p>\n<\/div>\n\n\n\n<div class=\"wp-block-column is-layout-flow wp-block-column-is-layout-flow\" style=\"flex-basis:33.33%\">\n<figure class=\"wp-block-image size-full\"><img decoding=\"async\" width=\"300\" height=\"300\" src=\"https:\/\/www.wikiesfera.org\/wp-content\/uploads\/2026\/03\/2.jpg\" alt=\"\" class=\"wp-image-11601\" srcset=\"https:\/\/www.wikiesfera.org\/wp-content\/uploads\/2026\/03\/2.jpg 300w, https:\/\/www.wikiesfera.org\/wp-content\/uploads\/2026\/03\/2-150x150.jpg 150w, https:\/\/www.wikiesfera.org\/wp-content\/uploads\/2026\/03\/2-12x12.jpg 12w\" sizes=\"(max-width: 300px) 100vw, 300px\" \/><\/figure>\n<\/div>\n<\/div>\n\n\n\n<h2 class=\"wp-block-heading has-white-color has-text-color has-background has-link-color wp-elements-70e2838fc3c739cf1bc2ea42a66c50a7\" id=\"quien-puede-participar\" style=\"background-color:#ff3131\"><strong>&gt; \u00bfQui\u00e9n puede participar?<\/strong><\/h2>\n\n\n\n<p><\/p>\n\n\n\n<p>Esta editatona est\u00e1 dirigida a cualquier persona interesada en <strong>visibilizar en Wikipedia las vidas y las contribuciones de las artistas asturianas<\/strong>. No son necesarios conocimientos previos pero s\u00ed <strong>debes traer tu ordenador port\u00e1til<\/strong>.<\/p>\n\n\n\n<h3 id=\"gtgt-requisitos-basicos\" class=\"wp-block-heading\"><strong>&gt;&gt; Requisitos b\u00e1sicos<\/strong><\/h3>\n\n\n\n<p><\/p>\n\n\n\n<ul style=\"background:linear-gradient(135deg,rgb(254,205,165) 0%,rgb(255,145,77) 29%,rgb(255,49,49) 66%)\" class=\"wp-block-list has-background\">\n<li>&#x2705; <strong>Usas habitualmente el ordenador<\/strong><\/li>\n\n\n\n<li>&#x2705; Te gusta <strong>buscar informaci\u00f3n<\/strong> en Internet<\/li>\n\n\n\n<li>&#x2705; Sabes manejar un <strong>procesador de textos<\/strong><\/li>\n\n\n\n<li>&#x2705; <strong>Escribes con teclado<\/strong> con soltura<\/li>\n<\/ul>\n\n\n\n<p><\/p>\n\n\n\n<h3 id=\"gtgt-datos-del-encuentro\" class=\"wp-block-heading\"><strong>&gt;&gt; Datos del encuentro<\/strong><\/h3>\n\n\n\n<p><\/p>\n\n\n\n<ul style=\"background:linear-gradient(135deg,rgb(254,205,165) 0%,rgb(255,145,77) 29%,rgb(255,49,49) 66%)\" class=\"wp-block-list has-background\">\n<li>&#x1f4c6; <strong>FECHA:<\/strong> s\u00e1bado <strong>25 de abril<\/strong> de 2026<\/li>\n\n\n\n<li>&#x23f0; <strong>HORA:<\/strong> de <strong>11:00h.<\/strong> a <strong>14:30h.<\/strong><\/li>\n\n\n\n<li>&#x1f4cd; <strong>LUGAR:<\/strong> <strong>LABoral Centro de Arte y Creaci\u00f3n Industrial<\/strong> | [Archivo de Artistas Asturianos\/as] | Los Prados, 121, 33203 | <strong>GIJ\u00d3N<\/strong><\/li>\n\n\n\n<li>&#x270f;&#xfe0f; <strong>INSCRIPCI\u00d3N:<\/strong> ap\u00fantate en <strong><a href=\"https:\/\/docs.google.com\/forms\/d\/e\/1FAIpQLSc5XLzLqlLDgfL9PXzhYYz-TTb9eyuE5YBvjOsFX67cBPA3jg\/viewform?usp=header\">este formulario<\/a><\/strong><\/li>\n\n\n\n<li>&#x1f476; Se ofrece un <strong>servicio gratuito de cuidado de menores<\/strong> durante la actividad, <strong>sujeto a aprobaci\u00f3n previa solicitud<\/strong> en el formulario de inscripci\u00f3n.<\/li>\n<\/ul>\n\n\n\n<p><\/p>\n\n\n\n<hr class=\"wp-block-separator has-alpha-channel-opacity\"\/>\n\n\n\n<h1 id=\"gt-colaboran\" class=\"wp-block-heading\"><strong>&gt; Colaboran<\/strong><\/h1>\n\n\n\n<div class=\"wp-block-columns are-vertically-aligned-center is-layout-flex wp-container-core-columns-is-layout-9d6595d7 wp-block-columns-is-layout-flex\">\n<div class=\"wp-block-column is-vertically-aligned-center is-layout-flow wp-block-column-is-layout-flow\"><div class=\"wp-block-image\">\n<figure class=\"alignleft size-large\"><img decoding=\"async\" width=\"1024\" height=\"417\" src=\"https:\/\/www.wikiesfera.org\/wp-content\/uploads\/2026\/03\/LABORAL-NEGRO-1024x417.png\" alt=\"\" class=\"wp-image-11531\" srcset=\"https:\/\/www.wikiesfera.org\/wp-content\/uploads\/2026\/03\/LABORAL-NEGRO-1024x417.png 1024w, https:\/\/www.wikiesfera.org\/wp-content\/uploads\/2026\/03\/LABORAL-NEGRO-300x122.png 300w, https:\/\/www.wikiesfera.org\/wp-content\/uploads\/2026\/03\/LABORAL-NEGRO-768x312.png 768w, https:\/\/www.wikiesfera.org\/wp-content\/uploads\/2026\/03\/LABORAL-NEGRO-18x7.png 18w, https:\/\/www.wikiesfera.org\/wp-content\/uploads\/2026\/03\/LABORAL-NEGRO-150x61.png 150w, https:\/\/www.wikiesfera.org\/wp-content\/uploads\/2026\/03\/LABORAL-NEGRO-400x163.png 400w, https:\/\/www.wikiesfera.org\/wp-content\/uploads\/2026\/03\/LABORAL-NEGRO.png 1364w\" sizes=\"(max-width: 1024px) 100vw, 1024px\" \/><\/figure><\/div><\/div>\n\n\n\n<div class=\"wp-block-column is-vertically-aligned-center is-layout-flow wp-block-column-is-layout-flow\"><\/div>\n\n\n\n<div class=\"wp-block-column is-vertically-aligned-center is-layout-flow wp-block-column-is-layout-flow\"><\/div>\n\n\n\n<div class=\"wp-block-column is-vertically-aligned-center is-layout-flow wp-block-column-is-layout-flow\"><\/div>\n<\/div>\n\n\n\n<hr class=\"wp-block-separator has-alpha-channel-opacity\"\/>\n\n\n\n<h1 id=\"gt-financian\" class=\"wp-block-heading\"><strong>&gt; Financian<\/strong><\/h1>\n\n\n\n<div class=\"wp-block-columns are-vertically-aligned-center is-layout-flex wp-container-core-columns-is-layout-9d6595d7 wp-block-columns-is-layout-flex\">\n<div class=\"wp-block-column is-vertically-aligned-center is-layout-flow wp-block-column-is-layout-flow\"><div class=\"wp-block-image\">\n<figure class=\"alignleft size-large\"><img loading=\"lazy\" decoding=\"async\" width=\"1024\" height=\"217\" src=\"https:\/\/www.wikiesfera.org\/wp-content\/uploads\/2026\/02\/Copia-de-logotipo-color-min-1024x217.jpg\" alt=\"\" class=\"wp-image-11060\" srcset=\"https:\/\/www.wikiesfera.org\/wp-content\/uploads\/2026\/02\/Copia-de-logotipo-color-min-1024x217.jpg 1024w, https:\/\/www.wikiesfera.org\/wp-content\/uploads\/2026\/02\/Copia-de-logotipo-color-min-300x64.jpg 300w, https:\/\/www.wikiesfera.org\/wp-content\/uploads\/2026\/02\/Copia-de-logotipo-color-min-768x163.jpg 768w, https:\/\/www.wikiesfera.org\/wp-content\/uploads\/2026\/02\/Copia-de-logotipo-color-min-1536x326.jpg 1536w, https:\/\/www.wikiesfera.org\/wp-content\/uploads\/2026\/02\/Copia-de-logotipo-color-min-2048x435.jpg 2048w, https:\/\/www.wikiesfera.org\/wp-content\/uploads\/2026\/02\/Copia-de-logotipo-color-min-18x4.jpg 18w, https:\/\/www.wikiesfera.org\/wp-content\/uploads\/2026\/02\/Copia-de-logotipo-color-min-150x32.jpg 150w, https:\/\/www.wikiesfera.org\/wp-content\/uploads\/2026\/02\/Copia-de-logotipo-color-min-400x85.jpg 400w\" sizes=\"(max-width: 1024px) 100vw, 1024px\" \/><\/figure><\/div><\/div>\n\n\n\n<div class=\"wp-block-column is-layout-flow wp-block-column-is-layout-flow\"><div class=\"wp-block-image\">\n<figure class=\"alignleft size-large\"><img loading=\"lazy\" decoding=\"async\" width=\"1024\" height=\"238\" src=\"https:\/\/www.wikiesfera.org\/wp-content\/uploads\/2018\/04\/Wikimedia_Foundation_logo_-_horizontal.svg_-1024x238.png\" alt=\"\" class=\"wp-image-1036\" srcset=\"https:\/\/www.wikiesfera.org\/wp-content\/uploads\/2018\/04\/Wikimedia_Foundation_logo_-_horizontal.svg_-1024x238.png 1024w, https:\/\/www.wikiesfera.org\/wp-content\/uploads\/2018\/04\/Wikimedia_Foundation_logo_-_horizontal.svg_-300x70.png 300w, https:\/\/www.wikiesfera.org\/wp-content\/uploads\/2018\/04\/Wikimedia_Foundation_logo_-_horizontal.svg_-768x179.png 768w, https:\/\/www.wikiesfera.org\/wp-content\/uploads\/2018\/04\/Wikimedia_Foundation_logo_-_horizontal.svg_-150x35.png 150w, https:\/\/www.wikiesfera.org\/wp-content\/uploads\/2018\/04\/Wikimedia_Foundation_logo_-_horizontal.svg_-400x93.png 400w, https:\/\/www.wikiesfera.org\/wp-content\/uploads\/2018\/04\/Wikimedia_Foundation_logo_-_horizontal.svg_.png 2000w\" sizes=\"(max-width: 1024px) 100vw, 1024px\" \/><\/figure><\/div><\/div>\n<\/div>\n\n\n\n<p><\/p>\n","protected":false},"excerpt":{"rendered":"<p>Editatona de Wikipedia en Gij\u00f3n dentro del proyecto \u00abComunidades de conocimiento libre con enfoque feminista\u00bb<\/p>\n","protected":false},"author":1,"featured_media":11533,"comment_status":"closed","ping_status":"closed","sticky":false,"template":"","format":"standard","meta":{"_coblocks_attr":"","_coblocks_dimensions":"","_coblocks_responsive_height":"","_coblocks_accordion_ie_support":"","footnotes":""},"categories":[129],"tags":[170,381,400,404],"class_list":["post-11526","post","type-post","status-publish","format-standard","has-post-thumbnail","hentry","category-convocatorias","tag-editatona","tag-glam","tag-ministerio-de-cultura","tag-wikiasturianes","loop-entry clr"],"_links":{"self":[{"href":"https:\/\/www.wikiesfera.org\/es\/wp-json\/wp\/v2\/posts\/11526","targetHints":{"allow":["GET"]}}],"collection":[{"href":"https:\/\/www.wikiesfera.org\/es\/wp-json\/wp\/v2\/posts"}],"about":[{"href":"https:\/\/www.wikiesfera.org\/es\/wp-json\/wp\/v2\/types\/post"}],"author":[{"embeddable":true,"href":"https:\/\/www.wikiesfera.org\/es\/wp-json\/wp\/v2\/users\/1"}],"replies":[{"embeddable":true,"href":"https:\/\/www.wikiesfera.org\/es\/wp-json\/wp\/v2\/comments?post=11526"}],"version-history":[{"count":13,"href":"https:\/\/www.wikiesfera.org\/es\/wp-json\/wp\/v2\/posts\/11526\/revisions"}],"predecessor-version":[{"id":12052,"href":"https:\/\/www.wikiesfera.org\/es\/wp-json\/wp\/v2\/posts\/11526\/revisions\/12052"}],"wp:featuredmedia":[{"embeddable":true,"href":"https:\/\/www.wikiesfera.org\/es\/wp-json\/wp\/v2\/media\/11533"}],"wp:attachment":[{"href":"https:\/\/www.wikiesfera.org\/es\/wp-json\/wp\/v2\/media?parent=11526"}],"wp:term":[{"taxonomy":"category","embeddable":true,"href":"https:\/\/www.wikiesfera.org\/es\/wp-json\/wp\/v2\/categories?post=11526"},{"taxonomy":"post_tag","embeddable":true,"href":"https:\/\/www.wikiesfera.org\/es\/wp-json\/wp\/v2\/tags?post=11526"}],"curies":[{"name":"wp","href":"https:\/\/api.w.org\/{rel}","templated":true}]}}