{"id":11456,"date":"2026-03-23T23:07:22","date_gmt":"2026-03-23T23:07:22","guid":{"rendered":"https:\/\/www.wikiesfera.org\/?p=11456"},"modified":"2026-03-25T19:22:39","modified_gmt":"2026-03-25T19:22:39","slug":"editatona-guardianas-de-la-verdad-11a","status":"publish","type":"post","link":"https:\/\/www.wikiesfera.org\/es\/2026\/03\/23\/editatona-guardianas-de-la-verdad-11a\/","title":{"rendered":"Editatona Guardianas de la Verdad #11A"},"content":{"rendered":"\n<div class=\"wp-block-columns is-layout-flex wp-container-core-columns-is-layout-9d6595d7 wp-block-columns-is-layout-flex\">\n<div class=\"wp-block-column is-layout-flow wp-block-column-is-layout-flow\" style=\"flex-basis:66.66%\">\n<p>Una&nbsp;<strong><em>editatona<\/em><\/strong>&nbsp;o marat\u00f3n de edici\u00f3n es una actividad en la que varias personas se re\u00fanen para crear contenido nuevo en Wikipedia, reducir la brecha de g\u00e9nero de la enciclopedia libre y visibilizar la ausencia de contenidos sobre mujeres y sus aportaciones hist\u00f3ricas y culturales. Con este prop\u00f3sito, desde Wikiesfera, en coordinaci\u00f3n con&nbsp;<strong><strong><a href=\"https:\/\/www.medialab-matadero.es\/\">Medialab Matadero<\/a><\/strong> (<a href=\"https:\/\/www.instagram.com\/medialabmatadero\/\">@medialabmatadero<\/a>)<\/strong>, os invitamos a participar en una <strong>editatona dedicada a visibilizar las trayectorias de mujeres<\/strong> vinculadas a los archivos, la documentaci\u00f3n, la conservaci\u00f3n y la memoria. <\/p>\n\n\n\n<p>Durante la editatona trabajaremos colectivamente para crear y ampliar biograf\u00edas de <strong>archiveras, bibliotecarias, documentalistas, investigadoras<\/strong> y otras profesionales cuya labor ha sido fundamental para preservar, verificar y hacer accesible el conocimiento.<\/p>\n<\/div>\n\n\n\n<div class=\"wp-block-column is-layout-flow wp-block-column-is-layout-flow\" style=\"flex-basis:33.33%\">\n<figure class=\"wp-block-image size-full\"><img fetchpriority=\"high\" decoding=\"async\" width=\"300\" height=\"300\" src=\"https:\/\/www.wikiesfera.org\/wp-content\/uploads\/2026\/03\/Fotos-personas-300x300-1.jpg\" alt=\"\" class=\"wp-image-11593\" srcset=\"https:\/\/www.wikiesfera.org\/wp-content\/uploads\/2026\/03\/Fotos-personas-300x300-1.jpg 300w, https:\/\/www.wikiesfera.org\/wp-content\/uploads\/2026\/03\/Fotos-personas-300x300-1-150x150.jpg 150w, https:\/\/www.wikiesfera.org\/wp-content\/uploads\/2026\/03\/Fotos-personas-300x300-1-12x12.jpg 12w\" sizes=\"(max-width: 300px) 100vw, 300px\" \/><figcaption class=\"wp-element-caption\"><a href=\"https:\/\/es.wikipedia.org\/wiki\/Pilar_Corrales\" data-type=\"link\" data-id=\"https:\/\/es.wikipedia.org\/wiki\/Pilar_Corrales\">Pilar Corrales Gallego<\/a>, archivera y bibliotecaria | LaPintamonas | CC BY-SA 4.0 | Wikimedia Commons<\/figcaption><\/figure>\n<\/div>\n<\/div>\n\n\n\n<div class=\"wp-block-columns is-layout-flex wp-container-core-columns-is-layout-9d6595d7 wp-block-columns-is-layout-flex\">\n<div class=\"wp-block-column is-layout-flow wp-block-column-is-layout-flow\"><\/div>\n\n\n\n<div class=\"wp-block-column is-layout-flow wp-block-column-is-layout-flow\"><\/div>\n<\/div>\n\n\n\n<h2 id=\"gt-invitada\" class=\"wp-block-heading\"><strong>&gt; Invitada<\/strong><\/h2>\n\n\n\n<div class=\"wp-block-columns is-layout-flex wp-container-core-columns-is-layout-9d6595d7 wp-block-columns-is-layout-flex\">\n<div class=\"wp-block-column is-layout-flow wp-block-column-is-layout-flow\" style=\"flex-basis:66.66%\">\n<p>En esta ocasi\u00f3n contaremos con la participaci\u00f3n de <strong>Leticia Garc\u00eda Otero<\/strong>, <strong>archivera<\/strong>, responsable del Archivo Central de la Consejer\u00eda de Cultura y Deporte de la Junta de Andaluc\u00eda y miembro de la junta directiva de la <strong>Asociaci\u00f3n de Archiveros de Andaluc\u00eda<\/strong>.<\/p>\n\n\n\n<p>Licenciada en Historia por la Universidad de Santiago de Compostela, orient\u00f3 su trayectoria hacia el mundo de<strong> los archivos, con especial inter\u00e9s por el patrimonio documental y bibliogr\u00e1fico<\/strong>. Ha completado su formaci\u00f3n con otros estudios oficiales relacionados con la historia y la historia del arte, as\u00ed como con el M\u00e1ster en Documentos y Libros. Archivos y Bibliotecas por la Universidad de Sevilla.<\/p>\n\n\n\n<p>Su experiencia profesional se ha desarrollado en instituciones como la <strong>Diputaci\u00f3n de Pontevedra<\/strong>, el <strong>Senado de Espa\u00f1a <\/strong>o el <strong>Archivo General de Indias<\/strong>, lo que le ha permitido conocer de primera mano distintos tipos de archivos y formas de gesti\u00f3n documental. Desde 2018 pertenece al <strong>Cuerpo Facultativo de Archivos de la Junta de Andaluc\u00eda<\/strong>.<\/p>\n<\/div>\n\n\n\n<div class=\"wp-block-column is-layout-flow wp-block-column-is-layout-flow\" style=\"flex-basis:33.33%\">\n<figure class=\"wp-block-image size-full\"><img decoding=\"async\" width=\"300\" height=\"300\" src=\"https:\/\/www.wikiesfera.org\/wp-content\/uploads\/2026\/03\/1.jpg\" alt=\"\" class=\"wp-image-11591\" srcset=\"https:\/\/www.wikiesfera.org\/wp-content\/uploads\/2026\/03\/1.jpg 300w, https:\/\/www.wikiesfera.org\/wp-content\/uploads\/2026\/03\/1-150x150.jpg 150w, https:\/\/www.wikiesfera.org\/wp-content\/uploads\/2026\/03\/1-12x12.jpg 12w\" sizes=\"(max-width: 300px) 100vw, 300px\" \/><\/figure>\n<\/div>\n<\/div>\n\n\n\n<h2 class=\"wp-block-heading\" id=\"quien-puede-participar\"><strong>&gt; \u00bfQui\u00e9n puede participar?<\/strong><\/h2>\n\n\n\n<p>Esta actividad est\u00e1 dirigida a cualquier persona interesada en <strong>visibilizar en Wikipedia las vidas y las contribuciones de estas mujeres en la Historia<\/strong>. As\u00ed que, <strong>si quieres dar tus primeros pasos como wikipedista, esta es tu oportunidad<\/strong> &#x1f609;<\/p>\n\n\n\n<h3 id=\"gtgt-requisitos-basicos\" class=\"wp-block-heading\"><strong>&gt;&gt; Requisitos b\u00e1sicos<\/strong><\/h3>\n\n\n\n<p><\/p>\n\n\n\n<ul class=\"wp-block-list has-pale-ocean-gradient-background has-background\">\n<li>&#x2705; <strong>Usas habitualmente el ordenador<\/strong><\/li>\n\n\n\n<li>&#x2705; Te gusta <strong>buscar informaci\u00f3n<\/strong> en Internet<\/li>\n\n\n\n<li>&#x2705; Sabes manejar un <strong>procesador de textos<\/strong><\/li>\n\n\n\n<li>&#x2705; <strong>Escribes con teclado<\/strong> con soltura<\/li>\n<\/ul>\n\n\n\n<figure class=\"wp-block-pullquote has-medium-font-size\"><blockquote><p><strong>IMPORTANTE:<\/strong> No es necesario tener conocimientos previos, solamente <strong>hace falta que traigas tu port\u00e1til<\/strong> &#x1f4bb;<\/p><\/blockquote><\/figure>\n\n\n\n<h3 id=\"gtgt-datos-del-encuentro\" class=\"wp-block-heading\"><strong>&gt;&gt; Datos del encuentro<\/strong><\/h3>\n\n\n\n<p><\/p>\n\n\n\n<ul class=\"wp-block-list has-very-light-gray-to-cyan-bluish-gray-gradient-background has-background\">\n<li>&#x1f4c6; <strong>FECHA:<\/strong> s\u00e1bado <strong>11 de abril<\/strong> de 2026<\/li>\n\n\n\n<li>&#x23f0; <strong>HORA:<\/strong> de <strong>11h.<\/strong> a <strong>14:30h.<\/strong><\/li>\n\n\n\n<li>&#x1f4cd; <strong>LUGAR:<\/strong> Medialab Matadero [Terrario] | Paseo de la Chopera, 14. <strong>MADRID<\/strong><\/li>\n\n\n\n<li>&#x270f;&#xfe0f; <strong>INSCRIPCI\u00d3N:<\/strong> Ap\u00fantate en <strong><a href=\"https:\/\/forms.gle\/AavjzqUBcYxsgCwD9\" data-type=\"link\" data-id=\"https:\/\/forms.gle\/AavjzqUBcYxsgCwD9\">este formulario<\/a><\/strong><\/li>\n\n\n\n<li>&#x2753;<strong>PREGUNTAS:<\/strong> Escr\u00edbenos a <a href=\"mailto:info@wikiesfera.org\" target=\"_blank\" rel=\"noreferrer noopener\"><strong>info@wikiesfera.org<\/strong><\/a><\/li>\n<\/ul>\n\n\n\n<p><\/p>\n","protected":false},"excerpt":{"rendered":"<p>Os proponemos participar en una editatona para publicar en Wikipedia art\u00edculos de archiveras, documentalistas, investigadoras y afines.<\/p>\n","protected":false},"author":7,"featured_media":11467,"comment_status":"closed","ping_status":"closed","sticky":false,"template":"","format":"standard","meta":{"_coblocks_attr":"","_coblocks_dimensions":"","_coblocks_responsive_height":"","_coblocks_accordion_ie_support":"","footnotes":""},"categories":[129],"tags":[170,381],"class_list":["post-11456","post","type-post","status-publish","format-standard","has-post-thumbnail","hentry","category-convocatorias","tag-editatona","tag-glam","loop-entry clr"],"_links":{"self":[{"href":"https:\/\/www.wikiesfera.org\/es\/wp-json\/wp\/v2\/posts\/11456","targetHints":{"allow":["GET"]}}],"collection":[{"href":"https:\/\/www.wikiesfera.org\/es\/wp-json\/wp\/v2\/posts"}],"about":[{"href":"https:\/\/www.wikiesfera.org\/es\/wp-json\/wp\/v2\/types\/post"}],"author":[{"embeddable":true,"href":"https:\/\/www.wikiesfera.org\/es\/wp-json\/wp\/v2\/users\/7"}],"replies":[{"embeddable":true,"href":"https:\/\/www.wikiesfera.org\/es\/wp-json\/wp\/v2\/comments?post=11456"}],"version-history":[{"count":16,"href":"https:\/\/www.wikiesfera.org\/es\/wp-json\/wp\/v2\/posts\/11456\/revisions"}],"predecessor-version":[{"id":11630,"href":"https:\/\/www.wikiesfera.org\/es\/wp-json\/wp\/v2\/posts\/11456\/revisions\/11630"}],"wp:featuredmedia":[{"embeddable":true,"href":"https:\/\/www.wikiesfera.org\/es\/wp-json\/wp\/v2\/media\/11467"}],"wp:attachment":[{"href":"https:\/\/www.wikiesfera.org\/es\/wp-json\/wp\/v2\/media?parent=11456"}],"wp:term":[{"taxonomy":"category","embeddable":true,"href":"https:\/\/www.wikiesfera.org\/es\/wp-json\/wp\/v2\/categories?post=11456"},{"taxonomy":"post_tag","embeddable":true,"href":"https:\/\/www.wikiesfera.org\/es\/wp-json\/wp\/v2\/tags?post=11456"}],"curies":[{"name":"wp","href":"https:\/\/api.w.org\/{rel}","templated":true}]}}