{"id":10740,"date":"2026-01-20T12:43:54","date_gmt":"2026-01-20T12:43:54","guid":{"rendered":"https:\/\/www.wikiesfera.org\/?p=10740"},"modified":"2026-01-29T12:03:27","modified_gmt":"2026-01-29T12:03:27","slug":"ciclo-vinetaria-i-feb-mar26","status":"publish","type":"post","link":"https:\/\/www.wikiesfera.org\/es\/2026\/01\/20\/ciclo-vinetaria-i-feb-mar26\/","title":{"rendered":"Ciclo Vi\u00f1etaria I | FEB-MAR&#8217;26"},"content":{"rendered":"\n<h1 id=\"ciclo-i-siempre-estuvieron-alli-pioneras-de-la-ilustracion-y-el-comic\" class=\"wp-block-heading\"><strong><em>CICLO I | Siempre estuvieron all\u00ed: Pioneras de la ilustraci\u00f3n y el c\u00f3mic<\/em><\/strong><\/h1>\n\n\n\n<div class=\"wp-block-columns is-layout-flex wp-container-core-columns-is-layout-9d6595d7 wp-block-columns-is-layout-flex\">\n<div class=\"wp-block-column is-layout-flow wp-block-column-is-layout-flow\" style=\"flex-basis:66.66%\">\n<p>El proyecto <strong><em><a href=\"https:\/\/www.wikiesfera.org\/es\/ilustradoras-y-artistas-del-comic\/\">\u201cVisibilizando a ilustradoras y artistas del c\u00f3mic en Wikipedia\u201d<\/a><\/em><\/strong>, financiado por el <strong><a href=\"https:\/\/es.wikipedia.org\/wiki\/Instituto_de_las_Mujeres_(Espa%C3%B1a)\">Instituto de las Mujeres<\/a><\/strong>, se compone de una serie de <strong>sesiones de divulgaci\u00f3n y talleres de edici\u00f3n<\/strong> que tendr\u00e1n lugar durante 2026. <\/p>\n\n\n\n<p>Su punto de partida es <em><strong>Vi\u00f1etaria: historia universal de las autoras de c\u00f3mic<\/strong><\/em>, el libro de <strong>Elisa McCausland<\/strong> y <strong>Diego Salgado<\/strong>, editado por <strong>C\u00e1tedra<\/strong>, una obra de referencia que recorre m\u00e1s de ciento treinta a\u00f1os de historia del c\u00f3mic desde las aportaciones de las mujeres que lo han creado, transformado y expandido. A partir de esta investigaci\u00f3n, ambos ser\u00e1n los responsables de las <strong>sesiones de divulgaci\u00f3n<\/strong> de los distintos ciclos, en las que compartir\u00e1n claves, contextos y autoras fundamentales desde una mirada feminista.<\/p>\n\n\n\n<p>A partir del libro <em>Vi\u00f1etaria<\/em>, <strong>Patricia Horrillo<\/strong>, fundadora de Wikiesfera, ha realizado un <strong>mapeo de los art\u00edculos<\/strong> que ya existen en Wikipedia y de aquellos que a\u00fan no est\u00e1n creados. Este trabajo previo permite identificar qu\u00e9 autoras necesitan nuevos art\u00edculos y cu\u00e1les requieren ser ampliados o mejorados. De este modo, los <strong>talleres de edici\u00f3n<\/strong> se centrar\u00e1n en crear, traducir y mejorar contenidos sobre estas autoras, contribuyendo directamente a su visibilizaci\u00f3n en Wikipedia.<\/p>\n\n\n\n<p><\/p>\n<\/div>\n\n\n\n<div class=\"wp-block-column is-layout-flow wp-block-column-is-layout-flow\" style=\"flex-basis:33.33%\">\n<figure class=\"wp-block-image size-full\"><img fetchpriority=\"high\" decoding=\"async\" width=\"1000\" height=\"1250\" src=\"https:\/\/www.wikiesfera.org\/wp-content\/uploads\/2026\/01\/9788437647852-vinetaria.jpg\" alt=\"\" class=\"wp-image-10725\" srcset=\"https:\/\/www.wikiesfera.org\/wp-content\/uploads\/2026\/01\/9788437647852-vinetaria.jpg 1000w, https:\/\/www.wikiesfera.org\/wp-content\/uploads\/2026\/01\/9788437647852-vinetaria-240x300.jpg 240w, https:\/\/www.wikiesfera.org\/wp-content\/uploads\/2026\/01\/9788437647852-vinetaria-819x1024.jpg 819w, https:\/\/www.wikiesfera.org\/wp-content\/uploads\/2026\/01\/9788437647852-vinetaria-768x960.jpg 768w, https:\/\/www.wikiesfera.org\/wp-content\/uploads\/2026\/01\/9788437647852-vinetaria-10x12.jpg 10w, https:\/\/www.wikiesfera.org\/wp-content\/uploads\/2026\/01\/9788437647852-vinetaria-120x150.jpg 120w, https:\/\/www.wikiesfera.org\/wp-content\/uploads\/2026\/01\/9788437647852-vinetaria-400x500.jpg 400w\" sizes=\"(max-width: 1000px) 100vw, 1000px\" \/><\/figure>\n<\/div>\n<\/div>\n\n\n\n<h2 id=\"gtgt-ciclo-i-febreromarzo-2026siempre-estuvieron-alli-pioneras-de-la-ilustracion-y-el-comic\" class=\"wp-block-heading has-white-color has-text-color has-background has-link-color wp-elements-8119b8fc82544faed5e0a51f8d3bdcbc\" style=\"background-color:#6f1b82\"><strong>&gt;&gt; CICLO I | Febrero-Marzo 2026<\/strong><br><strong><em>Siempre estuvieron all\u00ed: Pioneras de la ilustraci\u00f3n y el c\u00f3mic<\/em><\/strong><\/h2>\n\n\n\n<h2 id=\"sesiones-de-divulgacion-coordinadas-por-elisa-mccausland-y-diego-salgado\" class=\"wp-block-heading\"><span style=\"text-decoration: underline;\"><strong>Sesiones de divulgaci\u00f3n<\/strong><\/span> | Coordinadas por <strong>Elisa McCausland<\/strong> y <strong>Diego Salgado<\/strong><\/h2>\n\n\n\n<p><a href=\"https:\/\/lafabulosalibreria.es\/\"><strong>Librer\u00eda la Fabulosa<\/strong><\/a> [ Calle del Barco 40 | Madrid ]<\/p>\n\n\n\n<ul class=\"wp-block-list\">\n<li>Mi\u00e9rcoles <strong>18 de febrero<\/strong> | 19h.-20:30h.<\/li>\n\n\n\n<li>Mi\u00e9rcoles <strong>25 de febrero<\/strong> | 19h.-20:30h.<\/li>\n\n\n\n<li>Mi\u00e9rcoles <strong>4 de marzo<\/strong> | 19h.-20:30h.<\/li>\n\n\n\n<li>Mi\u00e9rcoles <strong>11 de marzo<\/strong> | 19h.-20:30h.<\/li>\n<\/ul>\n\n\n\n<p><\/p>\n\n\n\n<h2 id=\"taller-de-edicion-coordinado-por-patricia-horrillo-fundadora-de-wikiesfera\" class=\"wp-block-heading\"><strong><span style=\"text-decoration: underline;\">Taller de edici\u00f3n<\/span><\/strong> | Coordinado por <strong>Patricia Horrillo<\/strong> (fundadora de Wikiesfera)<\/h2>\n\n\n\n<p><a href=\"https:\/\/lafabulosalibreria.es\/\"><strong>Librer\u00eda la Fabulosa<\/strong><\/a> [ Calle del Barco 40 | Madrid ]<\/p>\n\n\n\n<ul class=\"wp-block-list\">\n<li>Lunes <strong>16 de marzo<\/strong> | 18:00h.-20:30h.<\/li>\n<\/ul>\n\n\n\n<p><\/p>\n\n\n\n<h2 class=\"wp-block-heading has-white-color has-text-color has-background has-link-color wp-elements-248cc7dd81651bce7bd355abac3a7576\" id=\"quien-puede-participar\" style=\"background-color:#b5179e\"><strong>&gt; \u00bfQui\u00e9n puede participar?<\/strong><\/h2>\n\n\n\n<p>Para las <strong>sesiones de divulgaci\u00f3n<\/strong> no hace falta ning\u00fan tipo de requisito. Los encuentros son abiertos, con <strong>entrada libre hasta completar el aforo<\/strong>.<\/p>\n\n\n\n<p>Los <strong>talleres de edici\u00f3n<\/strong> est\u00e1n dirigidos a cualquier persona interesada en <strong>visibilizar en Wikipedia las vidas y las contribuciones de las mujeres<\/strong>. No son necesarios conocimientos previos pero s\u00ed <strong>debes traer tu ordenador port\u00e1til<\/strong>.<\/p>\n\n\n\n<h3 id=\"gtgt-requisitos-basicos\" class=\"wp-block-heading\"><strong>&gt;&gt; Requisitos b\u00e1sicos<\/strong><\/h3>\n\n\n\n<p><\/p>\n\n\n\n<ul class=\"wp-block-list has-blush-light-purple-gradient-background has-background\">\n<li>&#x2705; <strong>Usas habitualmente el ordenador<\/strong><\/li>\n\n\n\n<li>&#x2705; Te gusta <strong>buscar informaci\u00f3n<\/strong> en Internet<\/li>\n\n\n\n<li>&#x2705; Sabes manejar un <strong>procesador de textos<\/strong><\/li>\n\n\n\n<li>&#x2705; <strong>Escribes con teclado<\/strong> con soltura<\/li>\n<\/ul>\n\n\n\n<p><\/p>\n\n\n\n<hr class=\"wp-block-separator has-alpha-channel-opacity\"\/>\n\n\n\n<h1 id=\"gt-colaboran\" class=\"wp-block-heading\"><strong>&gt; Colaboran<\/strong><\/h1>\n\n\n\n<div class=\"wp-block-columns are-vertically-aligned-center is-layout-flex wp-container-core-columns-is-layout-9d6595d7 wp-block-columns-is-layout-flex\">\n<div class=\"wp-block-column is-vertically-aligned-center is-layout-flow wp-block-column-is-layout-flow\"><div class=\"wp-block-image\">\n<figure class=\"aligncenter size-full\"><img decoding=\"async\" width=\"440\" height=\"320\" src=\"https:\/\/www.wikiesfera.org\/wp-content\/uploads\/2026\/01\/Logo_Fuegote_Limpio-PNG.png\" alt=\"\" class=\"wp-image-10779\" srcset=\"https:\/\/www.wikiesfera.org\/wp-content\/uploads\/2026\/01\/Logo_Fuegote_Limpio-PNG.png 440w, https:\/\/www.wikiesfera.org\/wp-content\/uploads\/2026\/01\/Logo_Fuegote_Limpio-PNG-300x218.png 300w, https:\/\/www.wikiesfera.org\/wp-content\/uploads\/2026\/01\/Logo_Fuegote_Limpio-PNG-18x12.png 18w, https:\/\/www.wikiesfera.org\/wp-content\/uploads\/2026\/01\/Logo_Fuegote_Limpio-PNG-150x109.png 150w, https:\/\/www.wikiesfera.org\/wp-content\/uploads\/2026\/01\/Logo_Fuegote_Limpio-PNG-400x291.png 400w\" sizes=\"(max-width: 440px) 100vw, 440px\" \/><\/figure><\/div><\/div>\n\n\n\n<div class=\"wp-block-column is-vertically-aligned-center is-layout-flow wp-block-column-is-layout-flow\"><div class=\"wp-block-image\">\n<figure class=\"aligncenter size-full is-resized\"><img decoding=\"async\" width=\"1080\" height=\"1080\" src=\"https:\/\/www.wikiesfera.org\/wp-content\/uploads\/2026\/01\/logo-catedra-cuadrado.png\" alt=\"\" class=\"wp-image-10892\" style=\"width:115px;height:auto\" srcset=\"https:\/\/www.wikiesfera.org\/wp-content\/uploads\/2026\/01\/logo-catedra-cuadrado.png 1080w, https:\/\/www.wikiesfera.org\/wp-content\/uploads\/2026\/01\/logo-catedra-cuadrado-300x300.png 300w, https:\/\/www.wikiesfera.org\/wp-content\/uploads\/2026\/01\/logo-catedra-cuadrado-1024x1024.png 1024w, https:\/\/www.wikiesfera.org\/wp-content\/uploads\/2026\/01\/logo-catedra-cuadrado-150x150.png 150w, https:\/\/www.wikiesfera.org\/wp-content\/uploads\/2026\/01\/logo-catedra-cuadrado-768x768.png 768w, https:\/\/www.wikiesfera.org\/wp-content\/uploads\/2026\/01\/logo-catedra-cuadrado-12x12.png 12w, https:\/\/www.wikiesfera.org\/wp-content\/uploads\/2026\/01\/logo-catedra-cuadrado-400x400.png 400w\" sizes=\"(max-width: 1080px) 100vw, 1080px\" \/><\/figure><\/div><\/div>\n\n\n\n<div class=\"wp-block-column is-vertically-aligned-center is-layout-flow wp-block-column-is-layout-flow\">\n<figure class=\"wp-block-image size-full is-resized\"><img loading=\"lazy\" decoding=\"async\" width=\"512\" height=\"512\" src=\"https:\/\/www.wikiesfera.org\/wp-content\/uploads\/2026\/01\/lafabulosa-logo.png\" alt=\"\" class=\"wp-image-10893\" style=\"width:139px;height:auto\" srcset=\"https:\/\/www.wikiesfera.org\/wp-content\/uploads\/2026\/01\/lafabulosa-logo.png 512w, https:\/\/www.wikiesfera.org\/wp-content\/uploads\/2026\/01\/lafabulosa-logo-300x300.png 300w, https:\/\/www.wikiesfera.org\/wp-content\/uploads\/2026\/01\/lafabulosa-logo-150x150.png 150w, https:\/\/www.wikiesfera.org\/wp-content\/uploads\/2026\/01\/lafabulosa-logo-12x12.png 12w, https:\/\/www.wikiesfera.org\/wp-content\/uploads\/2026\/01\/lafabulosa-logo-400x400.png 400w\" sizes=\"(max-width: 512px) 100vw, 512px\" \/><\/figure>\n<\/div>\n\n\n\n<div class=\"wp-block-column is-vertically-aligned-center is-layout-flow wp-block-column-is-layout-flow\"><\/div>\n<\/div>\n\n\n\n<hr class=\"wp-block-separator has-alpha-channel-opacity\"\/>\n\n\n\n<h1 id=\"gt-financia\" class=\"wp-block-heading\"><strong>&gt; Financia<\/strong><\/h1>\n\n\n\n<div class=\"wp-block-columns are-vertically-aligned-center is-layout-flex wp-container-core-columns-is-layout-9d6595d7 wp-block-columns-is-layout-flex\">\n<div class=\"wp-block-column is-vertically-aligned-center is-layout-flow wp-block-column-is-layout-flow\"><div class=\"wp-block-image\">\n<figure class=\"alignleft size-large\"><img loading=\"lazy\" decoding=\"async\" width=\"1024\" height=\"372\" src=\"https:\/\/www.wikiesfera.org\/wp-content\/uploads\/2026\/01\/logolema-4-color-1024x372.png\" alt=\"\" class=\"wp-image-10727\" srcset=\"https:\/\/www.wikiesfera.org\/wp-content\/uploads\/2026\/01\/logolema-4-color-1024x372.png 1024w, https:\/\/www.wikiesfera.org\/wp-content\/uploads\/2026\/01\/logolema-4-color-300x109.png 300w, https:\/\/www.wikiesfera.org\/wp-content\/uploads\/2026\/01\/logolema-4-color-768x279.png 768w, https:\/\/www.wikiesfera.org\/wp-content\/uploads\/2026\/01\/logolema-4-color-1536x558.png 1536w, https:\/\/www.wikiesfera.org\/wp-content\/uploads\/2026\/01\/logolema-4-color-2048x744.png 2048w, https:\/\/www.wikiesfera.org\/wp-content\/uploads\/2026\/01\/logolema-4-color-18x7.png 18w, https:\/\/www.wikiesfera.org\/wp-content\/uploads\/2026\/01\/logolema-4-color-150x55.png 150w, https:\/\/www.wikiesfera.org\/wp-content\/uploads\/2026\/01\/logolema-4-color-400x145.png 400w\" sizes=\"(max-width: 1024px) 100vw, 1024px\" \/><\/figure><\/div><\/div>\n\n\n\n<div class=\"wp-block-column is-layout-flow wp-block-column-is-layout-flow\"><\/div>\n<\/div>\n","protected":false},"excerpt":{"rendered":"<p>Charlas de divulgaci\u00f3n y talleres de Wikipedia sobre ilustradoras y artistas del c\u00f3mic <\/p>\n","protected":false},"author":1,"featured_media":10919,"comment_status":"closed","ping_status":"closed","sticky":false,"template":"","format":"standard","meta":{"_coblocks_attr":"","_coblocks_dimensions":"","_coblocks_responsive_height":"","_coblocks_accordion_ie_support":"","footnotes":""},"categories":[129],"tags":[395,170,11],"class_list":["post-10740","post","type-post","status-publish","format-standard","has-post-thumbnail","hentry","category-convocatorias","tag-charlas","tag-editatona","tag-genero","loop-entry clr"],"_links":{"self":[{"href":"https:\/\/www.wikiesfera.org\/es\/wp-json\/wp\/v2\/posts\/10740","targetHints":{"allow":["GET"]}}],"collection":[{"href":"https:\/\/www.wikiesfera.org\/es\/wp-json\/wp\/v2\/posts"}],"about":[{"href":"https:\/\/www.wikiesfera.org\/es\/wp-json\/wp\/v2\/types\/post"}],"author":[{"embeddable":true,"href":"https:\/\/www.wikiesfera.org\/es\/wp-json\/wp\/v2\/users\/1"}],"replies":[{"embeddable":true,"href":"https:\/\/www.wikiesfera.org\/es\/wp-json\/wp\/v2\/comments?post=10740"}],"version-history":[{"count":12,"href":"https:\/\/www.wikiesfera.org\/es\/wp-json\/wp\/v2\/posts\/10740\/revisions"}],"predecessor-version":[{"id":10931,"href":"https:\/\/www.wikiesfera.org\/es\/wp-json\/wp\/v2\/posts\/10740\/revisions\/10931"}],"wp:featuredmedia":[{"embeddable":true,"href":"https:\/\/www.wikiesfera.org\/es\/wp-json\/wp\/v2\/media\/10919"}],"wp:attachment":[{"href":"https:\/\/www.wikiesfera.org\/es\/wp-json\/wp\/v2\/media?parent=10740"}],"wp:term":[{"taxonomy":"category","embeddable":true,"href":"https:\/\/www.wikiesfera.org\/es\/wp-json\/wp\/v2\/categories?post=10740"},{"taxonomy":"post_tag","embeddable":true,"href":"https:\/\/www.wikiesfera.org\/es\/wp-json\/wp\/v2\/tags?post=10740"}],"curies":[{"name":"wp","href":"https:\/\/api.w.org\/{rel}","templated":true}]}}