{"id":10007,"date":"2025-10-29T10:35:03","date_gmt":"2025-10-29T10:35:03","guid":{"rendered":"https:\/\/www.wikiesfera.org\/?p=10007"},"modified":"2025-11-25T20:14:05","modified_gmt":"2025-11-25T20:14:05","slug":"gobernanza-de-datos-e-ia-genero-transparencia-y-bien-comun","status":"publish","type":"post","link":"https:\/\/www.wikiesfera.org\/es\/2025\/10\/29\/gobernanza-de-datos-e-ia-genero-transparencia-y-bien-comun\/","title":{"rendered":"Gobernanza de datos e IA: g\u00e9nero, transparencia y bien com\u00fan"},"content":{"rendered":"\n<div class=\"wp-block-columns is-layout-flex wp-container-core-columns-is-layout-9d6595d7 wp-block-columns-is-layout-flex\">\n<div class=\"wp-block-column is-layout-flow wp-block-column-is-layout-flow\" style=\"flex-basis:66.66%\">\n<p><br>El pasado <strong>28 de octubre<\/strong>, en el marco del curso <strong><em>\u201cInteligencia Artificial: datos inclusivos, algoritmos transparentes e inteligencia colectiva para pelear el futuro\u201d<\/em><\/strong>, organizado por <strong>Nociones Comunes (Traficantes de Sue\u00f1os)<\/strong>, se celebr\u00f3 una sesi\u00f3n dedicada a explorar <strong>la centralidad de los datos en el desarrollo de la inteligencia artificial<\/strong> y sus implicaciones sociales.<\/p>\n\n\n\n<p>La jornada, que tuvo lugar en el <strong>Ateneo La Maliciosa<\/strong> y se retransmiti\u00f3 tambi\u00e9n en l\u00ednea, cont\u00f3 con la participaci\u00f3n de <strong>Ivana Feldfeber Kisilevsky<\/strong>, cofundadora del <strong>Observatorio de Datos de G\u00e9nero de Am\u00e9rica Latina (DataG\u00e9nero)<\/strong>, y de <strong>Patricia Horrillo<\/strong>, periodista, wikipedista y fundadora de <strong>Wikiesfera<\/strong>.<\/p>\n<\/div>\n\n\n\n<div class=\"wp-block-column is-layout-flow wp-block-column-is-layout-flow\" style=\"flex-basis:33.33%\">\n<figure class=\"wp-block-image size-full\"><img fetchpriority=\"high\" decoding=\"async\" width=\"384\" height=\"480\" src=\"https:\/\/www.wikiesfera.org\/wp-content\/uploads\/2025\/10\/IA_0-1.png\" alt=\"\" class=\"wp-image-10009\" srcset=\"https:\/\/www.wikiesfera.org\/wp-content\/uploads\/2025\/10\/IA_0-1.png 384w, https:\/\/www.wikiesfera.org\/wp-content\/uploads\/2025\/10\/IA_0-1-240x300.png 240w, https:\/\/www.wikiesfera.org\/wp-content\/uploads\/2025\/10\/IA_0-1-10x12.png 10w, https:\/\/www.wikiesfera.org\/wp-content\/uploads\/2025\/10\/IA_0-1-120x150.png 120w\" sizes=\"(max-width: 384px) 100vw, 384px\" \/><\/figure>\n<\/div>\n<\/div>\n\n\n\n<h2 id=\"otra-ia-es-posible\" class=\"wp-block-heading\"><strong>Otra IA es posible<\/strong><\/h2>\n\n\n\n<p><strong>Ivana<\/strong> <strong>Feldfeber<\/strong> abri\u00f3 el encuentro poniendo sobre la mesa c\u00f3mo los sistemas algor\u00edtmicos aprenden a partir de <strong>enormes vol\u00famenes de informaci\u00f3n<\/strong> que no son neutrales: los datos reflejan desigualdades hist\u00f3ricas, sesgos de g\u00e9nero y condiciones de producci\u00f3n atravesadas por la precariedad. A partir de su experiencia en <a href=\"https:\/\/datagenero.org\/\"><strong>DataG\u00e9nero<\/strong><\/a>, mostr\u00f3 estrategias para <strong>construir pol\u00edticas y pr\u00e1cticas de datos inclusivas<\/strong>, capaces de visibilizar violencias y desigualdades, y de contribuir al dise\u00f1o de pol\u00edticas p\u00fablicas m\u00e1s justas. Tambi\u00e9n comparti\u00f3 la experiencia de <strong><a href=\"https:\/\/www.aymurai.info\/\">AYmurAI<\/a><\/strong>, un software que anonimiza documentos, recolecta y pone a disposici\u00f3n datos a partir de sentencias judiciales.<\/p>\n\n\n\n<p>Por su parte, <strong>Patricia Horrillo<\/strong> situ\u00f3 el debate en torno al papel de los <strong>saberes comunes y colaborativos<\/strong> en la era de la inteligencia artificial. A trav\u00e9s del caso de <strong>Wikipedia<\/strong>, explic\u00f3 c\u00f3mo los contenidos producidos de manera colectiva y voluntaria por miles de personas son utilizados de forma masiva para entrenar modelos de IA, <strong>sin reconocimiento ni redistribuci\u00f3n del valor generado<\/strong>. Su intervenci\u00f3n invit\u00f3 a reflexionar sobre el <strong>expolio de los bienes comunes digitales<\/strong> por parte de las grandes corporaciones tecnol\u00f3gicas y sobre la necesidad de <strong>reivindicar la transparencia, la autor\u00eda colectiva y el bien com\u00fan<\/strong> como principios rectores en el desarrollo tecnol\u00f3gico.<\/p>\n\n\n\n<p><strong>Pod\u00e9is escuchar sus intervenciones en <a href=\"https:\/\/soundcloud.com\/traficantesdesue-os\/gobernanza-de-datos-e-ia-con-ivana-feldfeber-y-patricia-horrillo\">este audio<\/a>.<\/strong><\/p>\n\n\n\n<figure class=\"wp-block-embed is-type-rich is-provider-soundcloud wp-block-embed-soundcloud\"><div class=\"wp-block-embed__wrapper\">\n<iframe title=\"Gobernanza de datos e inteligencia artificial by Traficantesdesue\u00f1os\" width=\"980\" height=\"400\" scrolling=\"no\" frameborder=\"no\" src=\"https:\/\/w.soundcloud.com\/player\/?visual=true&#038;url=https%3A%2F%2Fapi.soundcloud.com%2Ftracks%2F2201444663&#038;show_artwork=true&#038;maxheight=1000&#038;maxwidth=980\"><\/iframe>\n<\/div><\/figure>\n\n\n\n<p><\/p>\n","protected":false},"excerpt":{"rendered":"<p>Participamos en el curso \u201cInteligencia Artificial: datos inclusivos, algoritmos transparentes e inteligencia colectiva para pelear el futuro\u201d<\/p>\n","protected":false},"author":1,"featured_media":10008,"comment_status":"closed","ping_status":"closed","sticky":false,"template":"","format":"standard","meta":{"_coblocks_attr":"","_coblocks_dimensions":"","_coblocks_responsive_height":"","_coblocks_accordion_ie_support":"","footnotes":""},"categories":[131],"tags":[193],"class_list":["post-10007","post","type-post","status-publish","format-standard","has-post-thumbnail","hentry","category-divulgacion","tag-conferencias","loop-entry clr"],"_links":{"self":[{"href":"https:\/\/www.wikiesfera.org\/es\/wp-json\/wp\/v2\/posts\/10007","targetHints":{"allow":["GET"]}}],"collection":[{"href":"https:\/\/www.wikiesfera.org\/es\/wp-json\/wp\/v2\/posts"}],"about":[{"href":"https:\/\/www.wikiesfera.org\/es\/wp-json\/wp\/v2\/types\/post"}],"author":[{"embeddable":true,"href":"https:\/\/www.wikiesfera.org\/es\/wp-json\/wp\/v2\/users\/1"}],"replies":[{"embeddable":true,"href":"https:\/\/www.wikiesfera.org\/es\/wp-json\/wp\/v2\/comments?post=10007"}],"version-history":[{"count":5,"href":"https:\/\/www.wikiesfera.org\/es\/wp-json\/wp\/v2\/posts\/10007\/revisions"}],"predecessor-version":[{"id":10051,"href":"https:\/\/www.wikiesfera.org\/es\/wp-json\/wp\/v2\/posts\/10007\/revisions\/10051"}],"wp:featuredmedia":[{"embeddable":true,"href":"https:\/\/www.wikiesfera.org\/es\/wp-json\/wp\/v2\/media\/10008"}],"wp:attachment":[{"href":"https:\/\/www.wikiesfera.org\/es\/wp-json\/wp\/v2\/media?parent=10007"}],"wp:term":[{"taxonomy":"category","embeddable":true,"href":"https:\/\/www.wikiesfera.org\/es\/wp-json\/wp\/v2\/categories?post=10007"},{"taxonomy":"post_tag","embeddable":true,"href":"https:\/\/www.wikiesfera.org\/es\/wp-json\/wp\/v2\/tags?post=10007"}],"curies":[{"name":"wp","href":"https:\/\/api.w.org\/{rel}","templated":true}]}}