{"id":8605,"date":"2025-05-01T12:45:35","date_gmt":"2025-05-01T12:45:35","guid":{"rendered":"https:\/\/www.wikiesfera.org\/?p=8605"},"modified":"2025-05-18T20:12:42","modified_gmt":"2025-05-18T20:12:42","slug":"mayo-2025","status":"publish","type":"post","link":"https:\/\/www.wikiesfera.org\/en\/2025\/05\/01\/mayo-2025\/","title":{"rendered":"MAY 2025"},"content":{"rendered":"<p>We leave here the information of the <strong>events and meetings of Wikiesfera and its nodes for the month of May 2025<\/strong>. If you have any questions, you can write to us at <a href=\"mailto:info@wikiesfera.org\" target=\"_blank\" rel=\"noreferrer noopener\">info@wikiesfera.org<\/a>.<\/p>\n\n\n\n<h1 id=\"eventos\" class=\"wp-block-heading\"><strong>[ Events ]<\/strong><\/h1>\n\n\n\n<h2 id=\"editatona-mujeres-de-zarzuela-3m\" class=\"wp-block-heading\"><strong>Editatona Women of Zarzuela #3M<\/strong><\/h2>\n\n\n\n<ul class=\"wp-block-list\">\n<li>\u2705 Collaborate: Teatro de la Zarzuela<\/li>\n\n\n\n<li>\u2047  Saturday&nbsp;<strong>3 May<\/strong>&nbsp;| 11:00-14:00 hours<\/li>\n\n\n\n<li>\u2047 Virtual<\/li>\n<\/ul>\n\n\n\n<h2 id=\"taller-primeros-pasos-en-wikipedia\" class=\"wp-block-heading\"><strong><a href=\"https:\/\/bibliotecas.madrid.es\/portales\/bibliotecas\/es\/Informacion-y-servicios\/Busca-tu-biblioteca\/Primeros-pasos-en-Wikipedia\/?vgnextfmt=default&amp;vgnextoid=edb2dedac5936910VgnVCM2000001f4a900aRCRD&amp;vgnextchannel=200b8e7a1f1d3510VgnVCM1000008a4a900aRCRD\">First Steps Workshop on Wikipedia<\/a><\/strong><\/h2>\n\n\n\n<ul class=\"wp-block-list\">\n<li>\u2705 Collaborate: San Ferm\u00edn Municipal Public Library and the Equality Spaces Berta C\u00e1ceres, Clara Campoamor and Juana Do\u00f1a.<\/li>\n\n\n\n<li>\u2047  Saturday&nbsp;<strong>6 May<\/strong>&nbsp;| 17:00-19:00 hours<\/li>\n\n\n\n<li>\u2047  San Ferm\u00edn Municipal Public Library | Avenida San Ferm\u00edn 10 | 28041 <strong>Madrid<\/strong><\/li>\n\n\n\n<li>\u2047  \u2047  \u2047  Coordinator: Encina Villanueva<\/li>\n\n\n\n<li>\u2047&nbsp;<a href=\"https:\/\/forms.office.com\/e\/z311s0pZw5\">REGISTRATION<\/a><\/li>\n<\/ul>\n\n\n\n<h2 id=\"wikipedia-y-la-resistencia-digital-activismo-y-redes-en-la-era-del-control-corporativo\" class=\"wp-block-heading\"><strong><strong>Wikipedia and digital resistance: Activism and Networking in the Age of Corporate Control<\/strong><\/strong><\/h2>\n\n\n\n<ul class=\"wp-block-list\">\n<li>\u2705 Collaborate: Commission for Equality Faculty of UV Chemistry.<\/li>\n\n\n\n<li>\u2047  Thursday&nbsp;<strong>8 May<\/strong>&nbsp;| 12:00-13:30 hours<\/li>\n\n\n\n<li>\u2047  Universitat de Val\u00e8ncia | Dr. Moliner's Carrer 50 | 46100 Burjassot&nbsp;<strong>VALENCIA<\/strong><\/li>\n\n\n\n<li>\u2047  \u2047  \u2047  Rapporteur: Patricia Horrillo<\/li>\n<\/ul>\n\n\n\n<h2 id=\"de-twitter-a-x-resistencia-digital-y-futuro-de-una-internet-abierta-frente-al-tecnofeudalismo\" class=\"wp-block-heading\"><strong>From Twitter to X: Digital resistance and the future of an open Internet against techno-pseuddalism<\/strong><\/h2>\n\n\n\n<ul class=\"wp-block-list\">\n<li>\u2705 Collaborate: Faculty of Economics and Business<\/li>\n\n\n\n<li>\u2047  Wednesday&nbsp;<strong>14 May<\/strong>&nbsp;| 7:00 p.m. to 8:30 p.m.<\/li>\n\n\n\n<li>\u2047 University of Murcia | C. Campus Universitario, s\/n, Edificio 2 | 30100&nbsp;<strong>MURCIA<\/strong><\/li>\n\n\n\n<li>\u2047  \u2047  \u2047  Rapporteur: Patricia Horrillo<\/li>\n<\/ul>\n\n\n\n<h2 id=\"campana-de-mujeres-en-oficios-tradicionales-2025\" class=\"wp-block-heading\"><strong><strong><a href=\"https:\/\/meta.wikimedia.org\/wiki\/Event:Campa\u00f1a_de_mujeres_en_oficios_tradicionales_2025\">Campaign of women in traditional trades 2025<\/a><\/strong><\/strong><\/h2>\n\n\n\n<ul class=\"wp-block-list\">\n<li>\u2047  Friday&nbsp;<strong>16 May<\/strong>&nbsp;\u2013 Saturday&nbsp;<strong>31 May<\/strong><\/li>\n\n\n\n<li>\u2047 ONLINE and asynchronous<\/li>\n\n\n\n<li>\u2047&nbsp;<a href=\"https:\/\/meta.wikimedia.org\/wiki\/Special:RegisterForEvent\/1624\">REGISTRATION<\/a><\/li>\n<\/ul>\n\n\n\n<h2 id=\"editatona-de-mujeres-muralistas-17m\" class=\"wp-block-heading\"><a href=\"https:\/\/www.wikiesfera.org\/en\/2025\/04\/29\/editatona-de-mujeres-muralistas-17m\/\"><strong>Editatona of women muralists #17M<\/strong><\/a><\/h2>\n\n\n\n<ul class=\"wp-block-list\">\n<li>\u2705 Collaborate: Medialab Slaughterhouse<\/li>\n\n\n\n<li>\u2047  Saturday&nbsp;<strong>17 May <\/strong>| 11:00-14:00 hours<\/li>\n\n\n\n<li>\u2047  Medialab Matadero [Terrario] | Paseo de la Chopera 14 | 28045 <strong>Madrid<\/strong><\/li>\n\n\n\n<li>\u2047  \u2047  \u2047  Rapporteur: Amazon duo<\/li>\n\n\n\n<li>\u2047&nbsp;<a href=\"https:\/\/docs.google.com\/forms\/d\/e\/1FAIpQLSfHC232GxPSXAGWQwqzruhCjrxCmlXOJqQkIpphlhGqH9VqTw\/viewform?usp=share_link\">REGISTRATION<\/a><\/li>\n<\/ul>\n\n\n\n<h2 id=\"editatona-de-dramaturgas-y-directoras-de-escena-19m\" class=\"wp-block-heading\"><strong><a href=\"https:\/\/www.wikiesfera.org\/en\/2025\/04\/30\/editatona-de-dramaturgas-y-directoras-de-escena-19m\/\">Editatona of playwrights and stage directors #19M<\/a><\/strong><\/h2>\n\n\n\n<ul class=\"wp-block-list\">\n<li>\u2047  Monday&nbsp;<strong>19 May<\/strong>&nbsp;| 18:00-20:30 hours<\/li>\n\n\n\n<li>\u2047  La Fabulosa Bookstore | Calle de Barco 40 | 28004&nbsp;<strong>MADRID<\/strong><\/li>\n\n\n\n<li>\u2047  \u2047  \u2047  Guest: Maria Folguera (disambiguation)<\/li>\n\n\n\n<li>\u2047&nbsp;<a href=\"https:\/\/docs.google.com\/forms\/d\/e\/1FAIpQLSc2Cg8J5xYKxTIG2KikxQVyo8XGPoXlNmn3BmU8IKeVS7fBUg\/viewform\">REGISTRATION<\/a><\/li>\n<\/ul>\n\n\n\n<hr class=\"wp-block-separator has-alpha-channel-opacity\"\/>\n\n\n\n<h1 id=\"reuniones\" class=\"wp-block-heading\"><strong>[ Meetings ]<\/strong><\/h1>\n\n\n\n<h2 id=\"presencialesnbspde-wikiesfera-ennbspmadrid\" class=\"wp-block-heading\"><strong><u>PRESENTIAL<\/u> <\/strong>from <strong>Wikisphere<\/strong> in <strong>MADRID<\/strong><\/h2>\n\n\n\n<ul class=\"wp-block-list\">\n<li><a href=\"https:\/\/emojipedia.org\/calendar\/\">\ud83d\udcc5<\/a>&nbsp;MONDAY&nbsp;<strong>5, 12 and 26 May<\/strong>&nbsp;| 18:00-20:30 hours&nbsp;<strong>[new schedule]<\/strong><\/li>\n\n\n\n<li>\u2047  Bookstore La Fabulosa | C\/ Barco 40. 28004 Madrid<\/li>\n\n\n\n<li>\u2047  Open and NO REGISTRATION<\/li>\n\n\n\n<li>\ud83d\udcbb You need to BRING YOUR PORTABLE<\/li>\n<\/ul>\n\n\n\n<h2 id=\"virtualesnbspde-wikiesfera\" class=\"wp-block-heading\"><strong><u>VIRTUALS<\/u> <\/strong>from <strong>Wikisphere<\/strong><\/h2>\n\n\n\n<ul class=\"wp-block-list\">\n<li><a href=\"https:\/\/emojipedia.org\/calendar\/\">\ud83d\udcc5<\/a>&nbsp;WEDNESDAY&nbsp;<strong>7-21 May<\/strong>&nbsp;| 18:00-20:00 hours&nbsp;<strong>[new schedule]<\/strong><\/li>\n\n\n\n<li>\ud83d\udccd&nbsp;<strong>ZOOM<\/strong> keys in <a href=\"mailto:info@wikiesfera.org\">info@wikiesfera.org<\/a>.<\/li>\n\n\n\n<li>\u2047 <strong>[IMPORTANT]<\/strong>: If this is the first time you connect look&nbsp;<strong><a href=\"https:\/\/www.wikiesfera.org\/en\/primeros-pasos\/\">this Information<\/a><\/strong>.<\/li>\n<\/ul>\n\n\n\n<h2 id=\"presencialesnbspde-wikiaragonnbspennbspzaragoza\" class=\"wp-block-heading\"><strong><span style=\"text-decoration: underline;\">PRESENTIAL<\/span> <\/strong>from<strong> WikiAragon <\/strong>in <strong>ZARAGOZA<\/strong><\/h2>\n\n\n\n<ul class=\"wp-block-list\">\n<li><a href=\"https:\/\/emojipedia.org\/calendar\/\">\ud83d\udcc5<\/a>&nbsp;MONDAY&nbsp;<strong>5 May<\/strong>&nbsp;| 17:00-19:00 hours<\/li>\n\n\n\n<li>\u2047  LAAAB of Aragon | Plaza del Pilar, 3 | 50003 Zaragoza<\/li>\n\n\n\n<li>\u2047  contact: <a href=\"mailto:wikiaragon@wikiesfera.org\" target=\"_blank\" rel=\"noreferrer noopener\">wikiaragon@wikiesfera.org<\/a><\/li>\n\n\n\n<li>\u2047  Open and NO REGISTRATION<\/li>\n\n\n\n<li>\ud83d\udcbb You need to BRING YOUR PORTABLE<\/li>\n<\/ul>\n\n\n\n<h2 id=\"presencialesnbspde-wikimoradanbspennbspvigo\" class=\"wp-block-heading\"><strong><span style=\"text-decoration: underline;\">PRESENTIAL<\/span> <\/strong>from<strong> WikiMorada <\/strong>in <strong>VIGO<\/strong><\/h2>\n\n\n\n<ul class=\"wp-block-list\">\n<li><a href=\"https:\/\/emojipedia.org\/calendar\/\">\ud83d\udcc5<\/a>&nbsp;TUESDAY&nbsp;<strong>6 May<\/strong>&nbsp;| 18:00-21:00 hours<\/li>\n\n\n\n<li>\u2047  Amorada Cooperativa | R. Enrique X. Mac\u00edas, 6, Freijeiro | 36203 Vigo<\/li>\n\n\n\n<li>\u2047  contact: <a href=\"mailto:wikimorada@wikiesfera.org\" target=\"_blank\" rel=\"noreferrer noopener\">wikimorada@wikiesfera.org<\/a><\/li>\n\n\n\n<li>\u2047  Open and NO REGISTRATION<\/li>\n\n\n\n<li>\ud83d\udcbb You need to BRING YOUR PORTABLE<\/li>\n<\/ul>\n\n\n\n<h2 id=\"presencialesnbspde-wikiasturianes-en-gijon\" class=\"wp-block-heading\"><strong><span style=\"text-decoration: underline;\">PRESENTIAL<\/span> <\/strong>from<strong> <\/strong>WikiAsturian <strong>GIJ\u00d3N<\/strong><\/h2>\n\n\n\n<ul class=\"wp-block-list\">\n<li>\u2047  TUESDAY&nbsp;<strong>27 May*&nbsp;<\/strong>(tbc) | 16:00-20:00 hours<\/li>\n\n\n\n<li>\u2047  CMI El Coto | Plaza de la Rep\u00fablica, s\/n. 33204 Gij\u00f3n | Classroom 2<\/li>\n\n\n\n<li>\u2047  contact: <a href=\"mailto:asturias@wikiesfera.org?subject=null&amp;body=null\" target=\"_blank\" rel=\"noreferrer noopener\">asturias@wikiesfera.org<\/a><\/li>\n\n\n\n<li>\u2047  Open and NO REGISTRATION<\/li>\n\n\n\n<li>\ud83d\udcbb You need to BRING YOUR PORTABLE<\/li>\n<\/ul>\n\n\n\n<p><\/p>\n\n\n\n<p><\/p>\n\n\n\n<p><\/p>\n\n\n\n<p><\/p>","protected":false},"excerpt":{"rendered":"<p>Information on the events and meetings of Wikiesfera and its nodes for the month of May 2025<\/p>","protected":false},"author":1,"featured_media":5343,"comment_status":"closed","ping_status":"closed","sticky":false,"template":"","format":"standard","meta":{"_coblocks_attr":"","_coblocks_dimensions":"","_coblocks_responsive_height":"","_coblocks_accordion_ie_support":"","footnotes":""},"categories":[360],"tags":[6],"class_list":["post-8605","post","type-post","status-publish","format-standard","has-post-thumbnail","hentry","category-boletines","tag-grupo-de-trabajo","loop-entry clr"],"_links":{"self":[{"href":"https:\/\/www.wikiesfera.org\/en\/wp-json\/wp\/v2\/posts\/8605","targetHints":{"allow":["GET"]}}],"collection":[{"href":"https:\/\/www.wikiesfera.org\/en\/wp-json\/wp\/v2\/posts"}],"about":[{"href":"https:\/\/www.wikiesfera.org\/en\/wp-json\/wp\/v2\/types\/post"}],"author":[{"embeddable":true,"href":"https:\/\/www.wikiesfera.org\/en\/wp-json\/wp\/v2\/users\/1"}],"replies":[{"embeddable":true,"href":"https:\/\/www.wikiesfera.org\/en\/wp-json\/wp\/v2\/comments?post=8605"}],"version-history":[{"count":6,"href":"https:\/\/www.wikiesfera.org\/en\/wp-json\/wp\/v2\/posts\/8605\/revisions"}],"predecessor-version":[{"id":8919,"href":"https:\/\/www.wikiesfera.org\/en\/wp-json\/wp\/v2\/posts\/8605\/revisions\/8919"}],"wp:featuredmedia":[{"embeddable":true,"href":"https:\/\/www.wikiesfera.org\/en\/wp-json\/wp\/v2\/media\/5343"}],"wp:attachment":[{"href":"https:\/\/www.wikiesfera.org\/en\/wp-json\/wp\/v2\/media?parent=8605"}],"wp:term":[{"taxonomy":"category","embeddable":true,"href":"https:\/\/www.wikiesfera.org\/en\/wp-json\/wp\/v2\/categories?post=8605"},{"taxonomy":"post_tag","embeddable":true,"href":"https:\/\/www.wikiesfera.org\/en\/wp-json\/wp\/v2\/tags?post=8605"}],"curies":[{"name":"wp","href":"https:\/\/api.w.org\/{rel}","templated":true}]}}