{"id":5850,"date":"2024-09-01T08:57:02","date_gmt":"2024-09-01T08:57:02","guid":{"rendered":"http:\/\/www.wikiesfera.org\/?p=5850"},"modified":"2024-11-01T17:15:58","modified_gmt":"2024-11-01T17:15:58","slug":"septiembre-2024","status":"publish","type":"post","link":"https:\/\/www.wikiesfera.org\/en\/2024\/09\/01\/septiembre-2024\/","title":{"rendered":"SEPTEMBER 2024"},"content":{"rendered":"<p>We leave here the information of the <strong>events and meetings of Wikiesfera and its nodes for the month of September 2024<\/strong>. If you have any questions, you can write to us at <a href=\"mailto:info@wikiesfera.org\" target=\"_blank\" rel=\"noreferrer noopener\">info@wikiesfera.org<\/a>.<\/p>\n\n\n\n<h1 id=\"eventos\" class=\"wp-block-heading\"><strong>[ Events ]<\/strong><\/h1>\n\n\n\n<h2 id=\"campana-de-mujeres-afganas\" class=\"wp-block-heading\"><strong><a href=\"https:\/\/meta.wikimedia.org\/wiki\/Event:Campa%C3%B1a_de_mujeres_afganas_2024\">Afghan women's campaign<\/a><\/strong><\/h2>\n\n\n\n<ul class=\"wp-block-list\">\n<li>\u2047  Friday <strong>13 September<\/strong> \u2013 Friday <strong>27 September<\/strong><\/li>\n\n\n\n<li>\ud83d\udccd <strong>ONLINE and asynchronous<\/strong><\/li>\n\n\n\n<li>\u2047 <a href=\"https:\/\/meta.wikimedia.org\/wiki\/Special:RegisterForEvent\/826\" target=\"_blank\" rel=\"noreferrer noopener\">REGISTRATION<\/a><\/li>\n<\/ul>\n\n\n\n<h2 id=\"charla-en-la-feira-da-economia-social-do-mar-esdomar\" class=\"wp-block-heading\"><strong><a href=\"https:\/\/www.fundamar.org\/eu-son-economia-social-do-mar\/\" target=\"_blank\" rel=\"noreferrer noopener\">Talk at the Feira da Econom\u00eda Social Do Mar #ESDOMAR<\/a><\/strong><\/h2>\n\n\n\n<ul class=\"wp-block-list\">\n<li>\u2705 Organizes: Fundamar<\/li>\n\n\n\n<li>\u2047  Saturday <strong>14 September<\/strong> | 17:30-18:45 hours<\/li>\n\n\n\n<li>\u2047  Porto de Canido | 36390 Oia <strong>(VIGO)<\/strong><\/li>\n\n\n\n<li>\u2047 \u200d\u2640 \u2047  Rapporteur: <strong>Sabela Cebro<\/strong><\/li>\n<\/ul>\n\n\n\n<h2 id=\"v-editatona-de-investigadoras-21s\" class=\"wp-block-heading\"><strong><a href=\"https:\/\/www.wikiesfera.org\/en\/2024\/08\/27\/v-editatona-de-investigadoras-21s\/\" target=\"_blank\" rel=\"noreferrer noopener\">V Editatona of researchers #21S<\/a><\/strong><\/h2>\n\n\n\n<ul class=\"wp-block-list\">\n<li>\u2705 Organizes: Ministry of Culture<\/li>\n\n\n\n<li>\u2047  Saturday <strong>21 September<\/strong> | 10:00-14:00 hours<\/li>\n\n\n\n<li>\u2047  General Archive of the Indies | La Cilla Building | C\/ Santo Tom\u00e1s 5 | 41071 <strong>SEVILLE<\/strong><\/li>\n\n\n\n<li>\u2047 <a href=\"https:\/\/forms.gle\/yMGJ1PSXoS9UYAAg9\" target=\"_blank\" rel=\"noreferrer noopener\">REGISTRATION<\/a><\/li>\n<\/ul>\n\n\n\n<h2 id=\"x-encuentro-cultura-y-ciudadania\" class=\"wp-block-heading\"><strong><a href=\"https:\/\/culturayciudadania.cultura.gob.es\/encuentro-cultura-ciudadania\/2024-redirige\/programa.html\" target=\"_blank\" rel=\"noreferrer noopener\">X Meeting Culture and Citizenship<\/a><\/strong><\/h2>\n\n\n\n<ul class=\"wp-block-list\">\n<li>\u2705 Organizes: Ministry of Culture<\/li>\n\n\n\n<li>\u2047  Thursday <strong>26 September<\/strong> | 16:00-18:00 hours<\/li>\n\n\n\n<li>\u2047  Centro Galego de Arte Contempor\u00e1nea | R. de Ram\u00f3n del Valle-Incl\u00e1n 2 | 15703 Santiago de Compostela <strong>(TO CORU\u00d1A)<\/strong><\/li>\n\n\n\n<li>\u2047 \u200d\u2640 \u2047  Rapporteur: <strong>Patricia Horrillo<\/strong><\/li>\n\n\n\n<li>\u2047 <a href=\"https:\/\/docs.google.com\/forms\/d\/e\/1FAIpQLSdbJA0Ml7tqCidaiDNJZmNCySU9dN6TjHZSx5pJeI2SIjrSSQ\/viewform?usp=sf_link\" target=\"_blank\" rel=\"noreferrer noopener\">REGISTRATION<\/a><\/li>\n<\/ul>\n\n\n\n<hr class=\"wp-block-separator has-alpha-channel-opacity\"\/>\n\n\n\n<h1 id=\"reuniones\" class=\"wp-block-heading\"><strong>[ Meetings ]<\/strong><\/h1>\n\n\n\n<h2 id=\"presencialesnbspde-wikiesfera-ennbspmadrid\" class=\"wp-block-heading\"><strong><u>PRESENTIAL<\/u> <\/strong>from <strong>Wikisphere<\/strong> in <strong>MADRID<\/strong><\/h2>\n\n\n\n<ul class=\"wp-block-list\">\n<li><a href=\"https:\/\/emojipedia.org\/calendar\/\">\ud83d\udcc5<\/a>\u00a0MONDAY <strong><strong>9, 16, 23 and 30 September<\/strong><\/strong> | 18:00-21:00 hours<\/li>\n\n\n\n<li>\u2047  Bookstore La Fabulosa | C\/ Barco 40. 28004 Madrid<\/li>\n\n\n\n<li>\u2047  Open and NO REGISTRATION<\/li>\n\n\n\n<li>\ud83d\udcbb You need to BRING YOUR PORTABLE<\/li>\n<\/ul>\n\n\n\n<h2 id=\"virtualesnbspde-wikiesfera\" class=\"wp-block-heading\"><strong><u>VIRTUALS<\/u> <\/strong>from <strong>Wikisphere<\/strong><\/h2>\n\n\n\n<ul class=\"wp-block-list\">\n<li><a href=\"https:\/\/emojipedia.org\/calendar\/\">\ud83d\udcc5<\/a>\u00a0WEDNESDAY\u00a0<strong><strong><strong><strong><strong>11 and 25 September<\/strong><\/strong><\/strong><\/strong><\/strong>\u00a0| 19:00-21:00 hours<\/li>\n\n\n\n<li>\ud83d\udccd&nbsp;<strong>ZOOM<\/strong> keys in <a href=\"mailto:info@wikiesfera.org\">info@wikiesfera.org<\/a>.<\/li>\n<\/ul>\n\n\n\n<h2 id=\"presencialesnbspde-wikiaragonnbspennbspzaragoza\" class=\"wp-block-heading\"><strong><span style=\"text-decoration: underline;\">PRESENTIAL<\/span> <\/strong>from<strong> WikiAragon <\/strong>in <strong>ZARAGOZA<\/strong><\/h2>\n\n\n\n<ul class=\"wp-block-list\">\n<li><a href=\"https:\/\/emojipedia.org\/calendar\/\">\ud83d\udcc5<\/a>\u00a0MONDAY\u00a0<strong><strong><strong><strong><strong>2 September<\/strong><\/strong><\/strong><\/strong><\/strong>\u00a0| 17:00-19:00 hours<\/li>\n\n\n\n<li>\u2047  contact: <a href=\"mailto:wikiaragon@wikiesfera.org\" target=\"_blank\" rel=\"noreferrer noopener\">wikiaragon@wikiesfera.org<\/a><\/li>\n<\/ul>","protected":false},"excerpt":{"rendered":"<p>Information on the events and meetings of Wikiesfera and its nodes for the month of September 2024<\/p>","protected":false},"author":1,"featured_media":5343,"comment_status":"closed","ping_status":"closed","sticky":false,"template":"","format":"standard","meta":{"_coblocks_attr":"","_coblocks_dimensions":"","_coblocks_responsive_height":"","_coblocks_accordion_ie_support":"","footnotes":""},"categories":[360],"tags":[6],"class_list":["post-5850","post","type-post","status-publish","format-standard","has-post-thumbnail","hentry","category-boletines","tag-grupo-de-trabajo","loop-entry clr"],"_links":{"self":[{"href":"https:\/\/www.wikiesfera.org\/en\/wp-json\/wp\/v2\/posts\/5850","targetHints":{"allow":["GET"]}}],"collection":[{"href":"https:\/\/www.wikiesfera.org\/en\/wp-json\/wp\/v2\/posts"}],"about":[{"href":"https:\/\/www.wikiesfera.org\/en\/wp-json\/wp\/v2\/types\/post"}],"author":[{"embeddable":true,"href":"https:\/\/www.wikiesfera.org\/en\/wp-json\/wp\/v2\/users\/1"}],"replies":[{"embeddable":true,"href":"https:\/\/www.wikiesfera.org\/en\/wp-json\/wp\/v2\/comments?post=5850"}],"version-history":[{"count":6,"href":"https:\/\/www.wikiesfera.org\/en\/wp-json\/wp\/v2\/posts\/5850\/revisions"}],"predecessor-version":[{"id":5858,"href":"https:\/\/www.wikiesfera.org\/en\/wp-json\/wp\/v2\/posts\/5850\/revisions\/5858"}],"wp:featuredmedia":[{"embeddable":true,"href":"https:\/\/www.wikiesfera.org\/en\/wp-json\/wp\/v2\/media\/5343"}],"wp:attachment":[{"href":"https:\/\/www.wikiesfera.org\/en\/wp-json\/wp\/v2\/media?parent=5850"}],"wp:term":[{"taxonomy":"category","embeddable":true,"href":"https:\/\/www.wikiesfera.org\/en\/wp-json\/wp\/v2\/categories?post=5850"},{"taxonomy":"post_tag","embeddable":true,"href":"https:\/\/www.wikiesfera.org\/en\/wp-json\/wp\/v2\/tags?post=5850"}],"curies":[{"name":"wp","href":"https:\/\/api.w.org\/{rel}","templated":true}]}}