{"id":11968,"date":"2026-04-24T14:25:26","date_gmt":"2026-04-24T14:25:26","guid":{"rendered":"https:\/\/www.wikiesfera.org\/?p=11968"},"modified":"2026-04-26T17:33:52","modified_gmt":"2026-04-26T17:33:52","slug":"editatona-de-escritoras-gallegas-16m-wikimorada","status":"publish","type":"post","link":"https:\/\/www.wikiesfera.org\/en\/2026\/04\/24\/editatona-de-escritoras-gallegas-16m-wikimorada\/","title":{"rendered":"Editatona of Galician writers #16M | [WikiMorada]"},"content":{"rendered":"<div class=\"wp-block-columns is-layout-flex wp-container-core-columns-is-layout-9d6595d7 wp-block-columns-is-layout-flex\">\n<div class=\"wp-block-column is-layout-flow wp-block-column-is-layout-flow\" style=\"flex-basis:66.66%\">\n<p>From <strong>Wikisphere<\/strong>, in coordination with the <strong><a href=\"https:\/\/www.amoradacooperativa.com\/\" target=\"_blank\" rel=\"noreferrer noopener\">A Cooperative Abode<\/a><\/strong>&nbsp;and subsidized by the <strong><a href=\"https:\/\/www.instagram.com\/culturagob\/\" target=\"_blank\" rel=\"noreferrer noopener\">Ministry<\/a><a href=\"https:\/\/www.instagram.com\/culturagob\/\"> Culture<\/a><\/strong> under the project <strong><em><a href=\"https:\/\/www.wikiesfera.org\/en\/creacion-de-comunidades\/\" target=\"_blank\" rel=\"noreferrer noopener\">\u201cCreating free knowledge communities with a feminist approach\u201d<\/a><\/em><\/strong>, we invite you to participate in the <strong>Editatona of Galician writers <\/strong>to be held within the framework of the <a href=\"https:\/\/es.wikipedia.org\/wiki\/D%C3%ADa_de_las_Letras_Gallegas\">Galician Literature Day<\/a> 2026.<\/p>\n\n\n\n<p>One <em><strong>editatone<\/strong><\/em> or editing marathon is a <strong>collaborative activity to create and improve content on Wikipedia<\/strong>, reduce the gender gap and make visible women\u2019s contributions to history, culture and society.<\/p>\n<\/div>\n\n\n\n<div class=\"wp-block-column is-layout-flow wp-block-column-is-layout-flow\" style=\"flex-basis:33.33%\">\n<figure class=\"wp-block-image size-large\"><img fetchpriority=\"high\" decoding=\"async\" width=\"1024\" height=\"544\" src=\"https:\/\/www.wikiesfera.org\/wp-content\/uploads\/2026\/02\/Cabecera-BLOG-2-1024x544.png\" alt=\"\" class=\"wp-image-11065\" srcset=\"https:\/\/www.wikiesfera.org\/wp-content\/uploads\/2026\/02\/Cabecera-BLOG-2-1024x544.png 1024w, https:\/\/www.wikiesfera.org\/wp-content\/uploads\/2026\/02\/Cabecera-BLOG-2-300x159.png 300w, https:\/\/www.wikiesfera.org\/wp-content\/uploads\/2026\/02\/Cabecera-BLOG-2-768x408.png 768w, https:\/\/www.wikiesfera.org\/wp-content\/uploads\/2026\/02\/Cabecera-BLOG-2-18x10.png 18w, https:\/\/www.wikiesfera.org\/wp-content\/uploads\/2026\/02\/Cabecera-BLOG-2-150x80.png 150w, https:\/\/www.wikiesfera.org\/wp-content\/uploads\/2026\/02\/Cabecera-BLOG-2-640x340.png 640w, https:\/\/www.wikiesfera.org\/wp-content\/uploads\/2026\/02\/Cabecera-BLOG-2-400x213.png 400w, https:\/\/www.wikiesfera.org\/wp-content\/uploads\/2026\/02\/Cabecera-BLOG-2.png 1280w\" sizes=\"(max-width: 1024px) 100vw, 1024px\" \/><\/figure>\n<\/div>\n<\/div>\n\n\n\n<p>On this occasion, the day will be <strong>focused on the creation and translation of articles about Galician writers<\/strong> and their works,<strong> both in Spanish and Galician<\/strong>, helping to expand their presence on Wikipedia and to recognise their work in the cultural field. During the session we will work both practical aspects of editing and the publication of content, in a space of collective learning and accompaniment.<\/p>\n\n\n\n<p><strong>This activity<\/strong><strong> is part of Wikisphere's push to local publishing communities<\/strong>. It seeks to give continuity to the work started in Galicia, reinforcing the local node of publishers <strong>WikiMorada<\/strong>, which took its first steps in June 2024, favouring the creation of an active network committed to free knowledge with a gender perspective.<\/p>\n\n\n\n<p><\/p>\n\n\n\n<h2 id=\"gt-experta\" class=\"wp-block-heading\"><strong>&gt; Expert<\/strong><\/h2>\n\n\n\n<div class=\"wp-block-columns is-layout-flex wp-container-core-columns-is-layout-9d6595d7 wp-block-columns-is-layout-flex\">\n<div class=\"wp-block-column is-layout-flow wp-block-column-is-layout-flow\" style=\"flex-basis:66.66%\">\n<p>En esta ocasi\u00f3n nos acompa\u00f1ar\u00e1 <strong><a href=\"https:\/\/www.linkedin.com\/in\/natalia-alonso-arduengo-49265b63\/\">Silvia Penas<\/a><\/strong> (<a href=\"https:\/\/www.instagram.com\/silvia_penas_estevez\/#\">@silvia_penas_estevez<\/a>), <strong>writer from Vigo<\/strong> and one of the leading voices of the <strong>Contemporary Galician Poetry<\/strong>. Graduated in Galician Philology, she has developed a career linked to both literary creation and stage poetry, participating in recitals, festivals and collective projects.<\/p>\n\n\n\n<p><strong>His work, written mainly in Galician,<\/strong> includes titles such as <em>Nails grow<\/em> (2014), <em>Journal of barks, dancers, killers and flowers<\/em> (2016), <em>Fronteira Paradise<\/em> (2019), <em>Or rest \u00e9 ceu<\/em> (2021) and <em>Portraits of Vodas, Parthias and Funerais<\/em> (2023).<\/p>\n\n\n\n<p>Throughout his career he has received various recognitions, including the <strong>Lueiro Rey Award<\/strong>, the <strong>Avelina Valladares Award <\/strong>and the <strong>Concello de Carral Award<\/strong> (2024), consolidating herself as a relevant author in the current literary landscape.<\/p>\n\n\n\n<h2 id=\"gt-jornada-homenaje-a-begona-caamano\" class=\"wp-block-heading\"><strong>&gt; Jornada homenaje a Bego\u00f1a Caama\u00f1o<\/strong><\/h2>\n\n\n\n<p>The editatona will be part of the program of the day that the same May 16 <strong>A Cooperative Abode<\/strong> will be held to honor the figure of the writer <a href=\"https:\/\/es.wikipedia.org\/wiki\/Bego%C3%B1a_Caama%C3%B1o\" data-type=\"link\" data-id=\"https:\/\/es.wikipedia.org\/wiki\/Bego%C3%B1a_Caama%C3%B1o\"><strong>Bego\u00f1a Caama\u00f1o<\/strong><\/a> (1964-2014), to which the <a href=\"https:\/\/es.wikipedia.org\/wiki\/Real_Academia_Gallega\" data-type=\"link\" data-id=\"https:\/\/es.wikipedia.org\/wiki\/Real_Academia_Gallega\">Royal Galician Academy<\/a> will dedicate the <strong>Day of Galician Letters 2026<\/strong>.<\/p>\n<\/div>\n\n\n\n<div class=\"wp-block-column is-layout-flow wp-block-column-is-layout-flow\" style=\"flex-basis:33.33%\">\n<figure class=\"wp-block-image size-full\"><img decoding=\"async\" width=\"1396\" height=\"1514\" src=\"https:\/\/www.wikiesfera.org\/wp-content\/uploads\/2026\/04\/Silvia_Penas_Estevez_cropped.jpg\" alt=\"\" class=\"wp-image-11974\" srcset=\"https:\/\/www.wikiesfera.org\/wp-content\/uploads\/2026\/04\/Silvia_Penas_Estevez_cropped.jpg 1396w, https:\/\/www.wikiesfera.org\/wp-content\/uploads\/2026\/04\/Silvia_Penas_Estevez_cropped-277x300.jpg 277w, https:\/\/www.wikiesfera.org\/wp-content\/uploads\/2026\/04\/Silvia_Penas_Estevez_cropped-944x1024.jpg 944w, https:\/\/www.wikiesfera.org\/wp-content\/uploads\/2026\/04\/Silvia_Penas_Estevez_cropped-768x833.jpg 768w, https:\/\/www.wikiesfera.org\/wp-content\/uploads\/2026\/04\/Silvia_Penas_Estevez_cropped-11x12.jpg 11w, https:\/\/www.wikiesfera.org\/wp-content\/uploads\/2026\/04\/Silvia_Penas_Estevez_cropped-138x150.jpg 138w, https:\/\/www.wikiesfera.org\/wp-content\/uploads\/2026\/04\/Silvia_Penas_Estevez_cropped-400x434.jpg 400w\" sizes=\"(max-width: 1396px) 100vw, 1396px\" \/><\/figure>\n\n\n\n<p><\/p>\n\n\n\n<figure class=\"wp-block-image size-full\"><img decoding=\"async\" width=\"810\" height=\"1012\" src=\"https:\/\/www.wikiesfera.org\/wp-content\/uploads\/2026\/04\/BEGONA-CAAMANO-1.jpg\" alt=\"\" class=\"wp-image-11983\" srcset=\"https:\/\/www.wikiesfera.org\/wp-content\/uploads\/2026\/04\/BEGONA-CAAMANO-1.jpg 810w, https:\/\/www.wikiesfera.org\/wp-content\/uploads\/2026\/04\/BEGONA-CAAMANO-1-240x300.jpg 240w, https:\/\/www.wikiesfera.org\/wp-content\/uploads\/2026\/04\/BEGONA-CAAMANO-1-768x960.jpg 768w, https:\/\/www.wikiesfera.org\/wp-content\/uploads\/2026\/04\/BEGONA-CAAMANO-1-10x12.jpg 10w, https:\/\/www.wikiesfera.org\/wp-content\/uploads\/2026\/04\/BEGONA-CAAMANO-1-120x150.jpg 120w, https:\/\/www.wikiesfera.org\/wp-content\/uploads\/2026\/04\/BEGONA-CAAMANO-1-400x500.jpg 400w\" sizes=\"(max-width: 810px) 100vw, 810px\" \/><\/figure>\n<\/div>\n<\/div>\n\n\n\n<h2 class=\"wp-block-heading has-white-color has-text-color has-background has-link-color wp-elements-70e2838fc3c739cf1bc2ea42a66c50a7\" id=\"quien-puede-participar\" style=\"background-color:#ff3131\"><strong>&gt; Who can participate?<\/strong><\/h2>\n\n\n\n<p><\/p>\n\n\n\n<p>This editatone is aimed at anyone interested in <strong>Making the lives and contributions of Galician writers visible on Wikipedia<\/strong>. No prior knowledge required but yes <strong>you must bring your laptop<\/strong>.<\/p>\n\n\n\n<h3 id=\"gtgt-requisitos-basicos\" class=\"wp-block-heading\"><strong>&gt;&gt; Basic requirements<\/strong><\/h3>\n\n\n\n<p><\/p>\n\n\n\n<ul style=\"background:linear-gradient(135deg,rgb(254,205,165) 0%,rgb(255,145,77) 29%,rgb(255,49,49) 66%)\" class=\"wp-block-list has-background\">\n<li>\u2705 <strong>You regularly use the computer<\/strong><\/li>\n\n\n\n<li>\u2705 You like it <strong>search for information<\/strong> on the Internet<\/li>\n\n\n\n<li>\u2705 You know how to handle a <strong>word processor<\/strong><\/li>\n\n\n\n<li>\u2705 <strong>Type with keyboard<\/strong> with ease<\/li>\n<\/ul>\n\n\n\n<p><\/p>\n\n\n\n<h3 id=\"gtgt-datos-del-encuentro\" class=\"wp-block-heading\"><strong>&gt;&gt; Details of the meeting<\/strong><\/h3>\n\n\n\n<p><\/p>\n\n\n\n<ul style=\"background:linear-gradient(135deg,rgb(254,205,165) 0%,rgb(255,145,77) 29%,rgb(255,49,49) 66%)\" class=\"wp-block-list has-background\">\n<li>\u2047 <strong>DATE:<\/strong> Saturday <strong>16 May<\/strong> 2026<\/li>\n\n\n\n<li>\u23f0 <strong>TIME:<\/strong> from <strong>10:30h.<\/strong> a <strong>13:30h.<\/strong><\/li>\n\n\n\n<li>\ud83d\udccd <strong>PLACE:<\/strong> <strong>A Cooperative Abode<\/strong> | Rua Enrique X. Mac\u00edas, 6, Freijeiro, 36203 | <strong>VIGO<\/strong><\/li>\n\n\n\n<li>\u2047 <strong>REGISTRATION:<\/strong> sign up at <strong><a href=\"https:\/\/forms.gle\/fjbBwfKyyJj1icBe7\" data-type=\"link\" data-id=\"https:\/\/forms.gle\/fjbBwfKyyJj1icBe7\">this form<\/a><\/strong><\/li>\n<\/ul>\n\n\n\n<p><\/p>\n\n\n\n<hr class=\"wp-block-separator has-alpha-channel-opacity\"\/>\n\n\n\n<h1 id=\"gt-colaboran\" class=\"wp-block-heading\"><strong>&gt; Collaborate<\/strong><\/h1>\n\n\n\n<div class=\"wp-block-columns are-vertically-aligned-center is-layout-flex wp-container-core-columns-is-layout-9d6595d7 wp-block-columns-is-layout-flex\">\n<div class=\"wp-block-column is-vertically-aligned-center is-layout-flow wp-block-column-is-layout-flow\"><div class=\"wp-block-image\">\n<figure class=\"alignleft size-full\"><img loading=\"lazy\" decoding=\"async\" width=\"771\" height=\"615\" src=\"https:\/\/www.wikiesfera.org\/wp-content\/uploads\/2026\/04\/logo-amorada-b.png\" alt=\"\" class=\"wp-image-11970\" srcset=\"https:\/\/www.wikiesfera.org\/wp-content\/uploads\/2026\/04\/logo-amorada-b.png 771w, https:\/\/www.wikiesfera.org\/wp-content\/uploads\/2026\/04\/logo-amorada-b-300x239.png 300w, https:\/\/www.wikiesfera.org\/wp-content\/uploads\/2026\/04\/logo-amorada-b-768x613.png 768w, https:\/\/www.wikiesfera.org\/wp-content\/uploads\/2026\/04\/logo-amorada-b-15x12.png 15w, https:\/\/www.wikiesfera.org\/wp-content\/uploads\/2026\/04\/logo-amorada-b-150x120.png 150w, https:\/\/www.wikiesfera.org\/wp-content\/uploads\/2026\/04\/logo-amorada-b-400x319.png 400w\" sizes=\"(max-width: 771px) 100vw, 771px\" \/><\/figure><\/div><\/div>\n\n\n\n<div class=\"wp-block-column is-vertically-aligned-center is-layout-flow wp-block-column-is-layout-flow\"><\/div>\n\n\n\n<div class=\"wp-block-column is-vertically-aligned-center is-layout-flow wp-block-column-is-layout-flow\"><\/div>\n\n\n\n<div class=\"wp-block-column is-vertically-aligned-center is-layout-flow wp-block-column-is-layout-flow\"><\/div>\n<\/div>\n\n\n\n<hr class=\"wp-block-separator has-alpha-channel-opacity\"\/>\n\n\n\n<h1 id=\"gt-financian\" class=\"wp-block-heading\"><strong>&gt; Finance<\/strong><\/h1>\n\n\n\n<div class=\"wp-block-columns are-vertically-aligned-center is-layout-flex wp-container-core-columns-is-layout-9d6595d7 wp-block-columns-is-layout-flex\">\n<div class=\"wp-block-column is-vertically-aligned-center is-layout-flow wp-block-column-is-layout-flow\"><div class=\"wp-block-image\">\n<figure class=\"alignleft size-large\"><img loading=\"lazy\" decoding=\"async\" width=\"1024\" height=\"217\" src=\"https:\/\/www.wikiesfera.org\/wp-content\/uploads\/2026\/02\/Copia-de-logotipo-color-min-1024x217.jpg\" alt=\"\" class=\"wp-image-11060\" srcset=\"https:\/\/www.wikiesfera.org\/wp-content\/uploads\/2026\/02\/Copia-de-logotipo-color-min-1024x217.jpg 1024w, https:\/\/www.wikiesfera.org\/wp-content\/uploads\/2026\/02\/Copia-de-logotipo-color-min-300x64.jpg 300w, https:\/\/www.wikiesfera.org\/wp-content\/uploads\/2026\/02\/Copia-de-logotipo-color-min-768x163.jpg 768w, https:\/\/www.wikiesfera.org\/wp-content\/uploads\/2026\/02\/Copia-de-logotipo-color-min-1536x326.jpg 1536w, https:\/\/www.wikiesfera.org\/wp-content\/uploads\/2026\/02\/Copia-de-logotipo-color-min-2048x435.jpg 2048w, https:\/\/www.wikiesfera.org\/wp-content\/uploads\/2026\/02\/Copia-de-logotipo-color-min-18x4.jpg 18w, https:\/\/www.wikiesfera.org\/wp-content\/uploads\/2026\/02\/Copia-de-logotipo-color-min-150x32.jpg 150w, https:\/\/www.wikiesfera.org\/wp-content\/uploads\/2026\/02\/Copia-de-logotipo-color-min-400x85.jpg 400w\" sizes=\"(max-width: 1024px) 100vw, 1024px\" \/><\/figure><\/div><\/div>\n\n\n\n<div class=\"wp-block-column is-layout-flow wp-block-column-is-layout-flow\"><div class=\"wp-block-image\">\n<figure class=\"alignleft size-large\"><img loading=\"lazy\" decoding=\"async\" width=\"1024\" height=\"238\" src=\"https:\/\/www.wikiesfera.org\/wp-content\/uploads\/2018\/04\/Wikimedia_Foundation_logo_-_horizontal.svg_-1024x238.png\" alt=\"\" class=\"wp-image-1036\" srcset=\"https:\/\/www.wikiesfera.org\/wp-content\/uploads\/2018\/04\/Wikimedia_Foundation_logo_-_horizontal.svg_-1024x238.png 1024w, https:\/\/www.wikiesfera.org\/wp-content\/uploads\/2018\/04\/Wikimedia_Foundation_logo_-_horizontal.svg_-300x70.png 300w, https:\/\/www.wikiesfera.org\/wp-content\/uploads\/2018\/04\/Wikimedia_Foundation_logo_-_horizontal.svg_-768x179.png 768w, https:\/\/www.wikiesfera.org\/wp-content\/uploads\/2018\/04\/Wikimedia_Foundation_logo_-_horizontal.svg_-150x35.png 150w, https:\/\/www.wikiesfera.org\/wp-content\/uploads\/2018\/04\/Wikimedia_Foundation_logo_-_horizontal.svg_-400x93.png 400w, https:\/\/www.wikiesfera.org\/wp-content\/uploads\/2018\/04\/Wikimedia_Foundation_logo_-_horizontal.svg_.png 2000w\" sizes=\"(max-width: 1024px) 100vw, 1024px\" \/><\/figure><\/div><\/div>\n<\/div>\n\n\n\n<p><\/p>","protected":false},"excerpt":{"rendered":"<p>Editatona of Wikipedia in Vigo within the project \"Free Knowledge Communities with a Feminist Approach\"<\/p>","protected":false},"author":4,"featured_media":11973,"comment_status":"closed","ping_status":"closed","sticky":false,"template":"","format":"standard","meta":{"_coblocks_attr":"","_coblocks_dimensions":"","_coblocks_responsive_height":"","_coblocks_accordion_ie_support":"","footnotes":""},"categories":[129],"tags":[411,170,381,400,412],"class_list":["post-11968","post","type-post","status-publish","format-standard","has-post-thumbnail","hentry","category-convocatorias","tag-amorada","tag-editatona","tag-glam","tag-ministerio-de-cultura","tag-wikimorada","loop-entry clr"],"_links":{"self":[{"href":"https:\/\/www.wikiesfera.org\/en\/wp-json\/wp\/v2\/posts\/11968","targetHints":{"allow":["GET"]}}],"collection":[{"href":"https:\/\/www.wikiesfera.org\/en\/wp-json\/wp\/v2\/posts"}],"about":[{"href":"https:\/\/www.wikiesfera.org\/en\/wp-json\/wp\/v2\/types\/post"}],"author":[{"embeddable":true,"href":"https:\/\/www.wikiesfera.org\/en\/wp-json\/wp\/v2\/users\/4"}],"replies":[{"embeddable":true,"href":"https:\/\/www.wikiesfera.org\/en\/wp-json\/wp\/v2\/comments?post=11968"}],"version-history":[{"count":13,"href":"https:\/\/www.wikiesfera.org\/en\/wp-json\/wp\/v2\/posts\/11968\/revisions"}],"predecessor-version":[{"id":12041,"href":"https:\/\/www.wikiesfera.org\/en\/wp-json\/wp\/v2\/posts\/11968\/revisions\/12041"}],"wp:featuredmedia":[{"embeddable":true,"href":"https:\/\/www.wikiesfera.org\/en\/wp-json\/wp\/v2\/media\/11973"}],"wp:attachment":[{"href":"https:\/\/www.wikiesfera.org\/en\/wp-json\/wp\/v2\/media?parent=11968"}],"wp:term":[{"taxonomy":"category","embeddable":true,"href":"https:\/\/www.wikiesfera.org\/en\/wp-json\/wp\/v2\/categories?post=11968"},{"taxonomy":"post_tag","embeddable":true,"href":"https:\/\/www.wikiesfera.org\/en\/wp-json\/wp\/v2\/tags?post=11968"}],"curies":[{"name":"wp","href":"https:\/\/api.w.org\/{rel}","templated":true}]}}