{"id":11631,"date":"2026-04-01T14:09:24","date_gmt":"2026-04-01T14:09:24","guid":{"rendered":"https:\/\/www.wikiesfera.org\/?p=11631"},"modified":"2026-04-09T15:03:03","modified_gmt":"2026-04-09T15:03:03","slug":"abril-2026","status":"publish","type":"post","link":"https:\/\/www.wikiesfera.org\/en\/2026\/04\/01\/abril-2026\/","title":{"rendered":"APRIL 2026"},"content":{"rendered":"<p>On Wikisphere&nbsp;<strong>we fight together the existing gaps in Wikipedia<\/strong>&nbsp;and we love that you accompany us. That's why we share the&nbsp;<strong>following meetings and activities<\/strong> of the month so you can join as many as you want.<\/p>\n\n\n\n<p>If you have any questions, you can write to us at <a href=\"mailto:info@wikiesfera.org\" target=\"_blank\" rel=\"noreferrer noopener\">info@wikiesfera.org<\/a>.<\/p>\n\n\n\n<hr class=\"wp-block-separator has-alpha-channel-opacity\"\/>\n\n\n\n<h1 id=\"eventos\" class=\"wp-block-heading has-white-color has-text-color has-background has-link-color wp-elements-108bf67662c8ad291f8e3a15d671408d\" style=\"background-color:#b5179e\"><strong>[ Events ]<\/strong><\/h1>\n\n\n\n<div class=\"wp-block-columns is-layout-flex wp-container-core-columns-is-layout-9d6595d7 wp-block-columns-is-layout-flex\">\n<div class=\"wp-block-column is-layout-flow wp-block-column-is-layout-flow\" style=\"flex-basis:100%\">\n<h2 id=\"sesion-modulo-2-denbspmujeres-de-zarzuelanbspsegunda-edicion\" class=\"wp-block-heading\"><strong><strong><strong><strong><strong><strong><strong><strong>Module 2 session <\/strong><a href=\"https:\/\/www.wikiesfera.org\/en\/mujeres-de-zarzuela\/\" target=\"_blank\" rel=\"noreferrer noopener\"><em><strong>Women of Zarzuela<\/strong><\/em><\/a><strong> [second edition]<\/strong><\/strong><\/strong><\/strong><\/strong><\/strong><\/strong><\/strong><\/h2>\n\n\n\n<ul class=\"wp-block-list\">\n<li>\u2705 Financing: Teatro de la Zarzuela<\/li>\n\n\n\n<li>\u2047  Tuesday&nbsp;<strong>7 April<\/strong>&nbsp;| 16:00-17:30 hours<\/li>\n\n\n\n<li>\ud83d\udccd <strong>VIRTUAL<\/strong>&nbsp;by Zoom | Wikilearn Platform<\/li>\n\n\n\n<li>\ud83d\udfe3 Coordinate:\u00a0Patricia Horrillo and Maria Sefidari<\/li>\n\n\n\n<li><span style=\"font-family: -webkit-standard; font-size: medium; white-space: normal;\">\u2047<\/span><strong>&nbsp;<\/strong>Activity closed to programme participants<\/li>\n<\/ul>\n\n\n\n<h2 id=\"tallernbspopenrefine-con-perspectiva-de-genero\" class=\"wp-block-heading\"><strong>Workshop: <\/strong><em><strong>OpenRefine with a gender perspective<\/strong><\/em><\/h2>\n\n\n\n<ul class=\"wp-block-list\">\n<li>\u2705 Collaborates: Wikimedia Foundation<\/li>\n\n\n\n<li>\u2047  Wednesday&nbsp;<strong>8 April<\/strong>&nbsp;| 18:00-20:00 hours<\/li>\n\n\n\n<li>\ud83d\udccd PLACE: <strong>VIRTUAL<\/strong>&nbsp;by Zoom<\/li>\n\n\n\n<li>\ud83d\udfe3 Facilitator: David Ram\u00edrez-Ord\u00f3\u00f1ez<\/li>\n<\/ul>\n\n\n\n<h2 id=\"editatona-guardianas-de-la-verdad-11a\" class=\"wp-block-heading\"><strong><strong><strong><strong><strong><strong><strong><strong><a href=\"https:\/\/www.wikiesfera.org\/en\/2026\/03\/23\/editatona-guardianas-de-la-verdad-11a\/\" target=\"_blank\" rel=\"noreferrer noopener\"><strong>Editatona Guardians of Truth #11A<\/strong><\/a><\/strong><\/strong><\/strong><\/strong><\/strong><\/strong><\/strong><\/strong><\/h2>\n\n\n\n<ul class=\"wp-block-list\">\n<li>\u2705 Collaborate: Medialab Slaughterhouse<\/li>\n\n\n\n<li>\u2047  Saturday&nbsp;<strong>11 April<\/strong>&nbsp;| 11:00-14:30 hours<\/li>\n\n\n\n<li>\ud83d\udccd PLACE: Medialab Matadero [Terrario] | Paseo de la Chopera, 14 |&nbsp;<strong>MADRID<\/strong><\/li>\n\n\n\n<li>\ud83d\udfe3 Guest: Leticia Garc\u00eda Otero, archivist and head of the Central Archive of the Ministry of Culture and Sport of the Junta de Andaluc\u00eda<\/li>\n\n\n\n<li>\ud83d\udfe3 Coordina: Isabel Zapico<\/li>\n\n\n\n<li>\u2047&nbsp;<a href=\"https:\/\/forms.gle\/AavjzqUBcYxsgCwD9\" target=\"_blank\" rel=\"noreferrer noopener\">REGISTRATION<\/a><\/li>\n<\/ul>\n\n\n\n<h2 id=\"campana-de-mujeres-en-las-artes-escenicas-2026\" class=\"wp-block-heading\"><strong><strong><strong><strong><strong><strong><strong><strong><strong><strong><strong><a href=\"https:\/\/www.wikiesfera.org\/en\/2026\/02\/27\/campana-mujeres-cine\/\" target=\"_blank\" rel=\"noreferrer noopener\"><strong><\/strong><\/a><strong><a href=\"https:\/\/es.wikipedia.org\/wiki\/Evento:Campa%C3%B1a_mujeres_en_las_artes_esc%C3%A9nicas_2026\" target=\"_blank\" rel=\"noreferrer noopener\"><strong>Women in the Performing Arts Campaign 2026<\/strong><\/a><\/strong><\/strong><\/strong><\/strong><\/strong><\/strong><\/strong><\/strong><\/strong><\/strong><\/strong><\/strong><\/h2>\n\n\n\n<ul class=\"wp-block-list\">\n<li>\u2705 Collaborates: Wikimedia Foundation<\/li>\n\n\n\n<li>\u2047  Wednesday&nbsp;<strong>15 April<\/strong>&nbsp;\u2013 Thursday&nbsp;<strong>30 April<\/strong><\/li>\n\n\n\n<li>\u2047  ONLINE and asynchronous<\/li>\n\n\n\n<li>\ud83d\udfe3 Coordinates:\u00a0Liliana Alvi\u00e1rez<\/li>\n\n\n\n<li>\u2047&nbsp;<a href=\"https:\/\/es.wikipedia.org\/wiki\/Evento:Campa%C3%B1a_mujeres_en_las_artes_esc%C3%A9nicas_2026\" target=\"_blank\" rel=\"noreferrer noopener\">REGISTRATION<\/a><\/li>\n<\/ul>\n\n\n\n<h2 id=\"tallernbspciclo-vinetaria-ii-la-revolucion-de-las-autoras-de-comic-del-clasicismo-a-la-modernidad\" class=\"wp-block-heading\"><strong><strong><strong><strong><strong><strong><strong><strong><strong>Workshop: <\/strong><a href=\"https:\/\/www.wikiesfera.org\/en\/2026\/03\/23\/ciclo-vinetaria-ii-abr-jun26\/\" target=\"_blank\" rel=\"noreferrer noopener\"><em><strong>Ciclo Vi\u00f1etaria II \u2018The (r)evolution of comic book authors: From classicism to modernity\u2019<\/strong><\/em><\/a><\/strong><\/strong><\/strong><\/strong><\/strong><\/strong><\/strong><\/strong><\/h2>\n\n\n\n<ul class=\"wp-block-list\">\n<li>\u2705 Financing: Women's Institute<\/li>\n\n\n\n<li>\u2047  Monday&nbsp;<strong>20 April<\/strong>&nbsp;| 18:00-20:30 hours<\/li>\n\n\n\n<li>\u2047  PLACE: Bookstore La Fabulosa | C\/ Barco 40. 28004 |&nbsp;<strong>MADRID<\/strong><\/li>\n\n\n\n<li>\ud83d\udfe3 Coordinates:\u00a0Patricia Horrillo<\/li>\n\n\n\n<li>\u270f\u2600 Free admission until full capacity is reached<\/li>\n<\/ul>\n\n\n\n<h2 id=\"editatona-de-artistas-asturianas-25a\" class=\"wp-block-heading\"><strong><strong><strong><strong><strong><strong><strong><strong><strong><a href=\"https:\/\/www.wikiesfera.org\/en\/2026\/03\/25\/editatona-de-artistas-asturianas\/\">Editatona by Asturian artists #25A<\/a><\/strong><\/strong><\/strong><\/strong><\/strong><\/strong><\/strong><\/strong><\/strong><\/h2>\n\n\n\n<ul class=\"wp-block-list\">\n<li>\u2705 Finance: Ministry of Culture and Wikimedia Foundation<\/li>\n\n\n\n<li>\u2047  Saturday&nbsp;<strong>25 April<\/strong>&nbsp;| 11:00-14:30 hours<\/li>\n\n\n\n<li>\ud83d\udccd PLACE: LABoral Center for Art and Industrial Creation [Asturian Artists Archive] | Los Prados, 121. 33203 |&nbsp;<strong>GIJ\u00d3N<\/strong><\/li>\n\n\n\n<li>\ud83d\udfe3 Guest: Natalia Alonso Arduengo, independent curator and art critic<\/li>\n\n\n\n<li>\ud83d\udfe3 Coordinate:\u00a0Encina Villanueva and Isabel Zapico<\/li>\n\n\n\n<li><span style=\"font-family: -webkit-standard; font-size: medium; white-space: normal;\">\u2047<\/span><strong>&nbsp;<a href=\"https:\/\/docs.google.com\/forms\/d\/e\/1FAIpQLSc5XLzLqlLDgfL9PXzhYYz-TTb9eyuE5YBvjOsFX67cBPA3jg\/viewform\">REGISTRATION<\/a><\/strong><\/li>\n<\/ul>\n<\/div>\n<\/div>\n\n\n\n<hr class=\"wp-block-separator has-alpha-channel-opacity\"\/>\n\n\n\n<h1 id=\"reuniones\" class=\"wp-block-heading has-white-color has-text-color has-background has-link-color wp-elements-78af4020a957411c6ee4b3d1e44791e6\" style=\"background-color:#b5179e\"><strong>[ Meetings ]<\/strong><\/h1>\n\n\n\n<h2 id=\"presencialesnbspde-wikiesfera-ennbspmadrid\" class=\"wp-block-heading\"><strong><u>PRESENTIAL<\/u> <\/strong>from <strong>Wikisphere<\/strong> in <strong>MADRID<\/strong><\/h2>\n\n\n\n<ul class=\"wp-block-list\">\n<li><a href=\"https:\/\/emojipedia.org\/calendar\/\">\ud83d\udcc5<\/a>&nbsp;MONDAY&nbsp;<strong>6, 13 and 27 April<\/strong>&nbsp;| 18:00-20:30 hours<\/li>\n\n\n\n<li>\u2047  Bookstore La Fabulosa | C\/ Barco 40. 28004 Madrid<\/li>\n\n\n\n<li>\u2047  Open and NO REGISTRATION<\/li>\n\n\n\n<li>\ud83d\udcbb You need to BRING YOUR PORTABLE<\/li>\n<\/ul>\n\n\n\n<h2 id=\"virtualesnbspde-wikiesfera\" class=\"wp-block-heading\"><strong><u>VIRTUALS<\/u> <\/strong>from <strong>Wikisphere<\/strong><\/h2>\n\n\n\n<ul class=\"wp-block-list\">\n<li><a href=\"https:\/\/emojipedia.org\/calendar\/\">\ud83d\udcc5<\/a>&nbsp;WEDNESDAY&nbsp;<strong>22 April<\/strong>&nbsp;| 18:00-20:00 hours<\/li>\n\n\n\n<li>\ud83d\udccd&nbsp;<strong>ZOOM<\/strong> keys in <a href=\"mailto:info@wikiesfera.org\">info@wikiesfera.org<\/a>.<\/li>\n\n\n\n<li>\u2047 <strong>[IMPORTANT]<\/strong>: If this is the first time you connect look&nbsp;<strong><a href=\"https:\/\/www.wikiesfera.org\/en\/primeros-pasos\/\">this Information<\/a><\/strong>.<\/li>\n<\/ul>\n\n\n\n<h2 id=\"presencialesnbspde-wikiaragonnbspennbspzaragoza\" class=\"wp-block-heading\"><strong><span style=\"text-decoration: underline;\">PRESENTIAL<\/span> <\/strong>from<strong> WikiAragon <\/strong>in <strong>ZARAGOZA<\/strong><\/h2>\n\n\n\n<ul class=\"wp-block-list\">\n<li><a href=\"https:\/\/emojipedia.org\/calendar\/\">\ud83d\udcc5<\/a>&nbsp;MONDAY&nbsp;<strong>6 April<\/strong>&nbsp;| 17:00-19:00 hours<\/li>\n\n\n\n<li>\u2047  LAAAB of Aragon | Plaza del Pilar, 3 | 50003 Zaragoza<\/li>\n\n\n\n<li>\u2047  contact: <a href=\"mailto:wikiaragon@wikiesfera.org\" target=\"_blank\" rel=\"noreferrer noopener\">wikiaragon@wikiesfera.org<\/a><\/li>\n<\/ul>\n\n\n\n<h2 id=\"presencialesnbspde-wikimoradanbspennbspvigo\" class=\"wp-block-heading\"><strong><span style=\"text-decoration: underline;\">PRESENTIAL<\/span> <\/strong>from<strong> WikiMorada <\/strong>in <strong>VIGO<\/strong><\/h2>\n\n\n\n<ul class=\"wp-block-list\">\n<li><a href=\"https:\/\/emojipedia.org\/calendar\/\">\ud83d\udcc5<\/a>&nbsp;MONDAY&nbsp;<strong>13-27 March<\/strong>&nbsp;| 18:00-21:00 hours<\/li>\n\n\n\n<li>\u2047  A Morada Cooperativa | R. Enrique X. Mac\u00edas, 6, Freijeiro | 36203 Vigo<\/li>\n\n\n\n<li>\u2047  contact: <a href=\"mailto:wikimorada@wikiesfera.org\" target=\"_blank\" rel=\"noreferrer noopener\">wikimorada@wikiesfera.org<\/a><\/li>\n<\/ul>\n\n\n\n<h2 id=\"presencialesnbspde-wikiasturianes-en-asturias\" class=\"wp-block-heading\"><strong><span style=\"text-decoration: underline;\">PRESENTIAL<\/span> <\/strong>from<strong> <\/strong>WikiAsturian <strong>ASTURIAS<\/strong><\/h2>\n\n\n\n<ul class=\"wp-block-list\">\n<li>\u2047  TUESDAY&nbsp;<strong>14 April<\/strong>&nbsp;| 17:30-19:45 hours<\/li>\n\n\n\n<li>\ud83d\udccd Caf\u00e9 Lord Byron | Calle Palacio Vald\u00e9s, 1 | 33402 Avil\u00e9s<\/li>\n\n\n\n<li>\u2047  contact: <a href=\"mailto:asturias@wikiesfera.org?subject=null&amp;body=null\" target=\"_blank\" rel=\"noreferrer noopener\">asturias@wikiesfera.org<\/a> | <a href=\"mailto:encina@wikiesfera.org\">encina@wikiesfera.org<\/a><\/li>\n<\/ul>\n\n\n\n<hr class=\"wp-block-separator has-alpha-channel-opacity\"\/>\n\n\n\n<p>If you want to know all the activities we organize, sign up for our<strong>&nbsp;<a href=\"https:\/\/www.wikiesfera.org\/en\/contacto\/\" data-type=\"page\" data-id=\"912\">monthly newsletter<\/a>.<\/strong><\/p>\n\n\n\n<p><\/p>","protected":false},"excerpt":{"rendered":"<p>Information on Wikisphere events and meetings for April 2026<\/p>","protected":false},"author":1,"featured_media":5343,"comment_status":"closed","ping_status":"closed","sticky":false,"template":"","format":"standard","meta":{"_coblocks_attr":"","_coblocks_dimensions":"","_coblocks_responsive_height":"","_coblocks_accordion_ie_support":"","footnotes":""},"categories":[360],"tags":[229,6],"class_list":["post-11631","post","type-post","status-publish","format-standard","has-post-thumbnail","hentry","category-boletines","tag-boletin","tag-grupo-de-trabajo","loop-entry clr"],"_links":{"self":[{"href":"https:\/\/www.wikiesfera.org\/en\/wp-json\/wp\/v2\/posts\/11631","targetHints":{"allow":["GET"]}}],"collection":[{"href":"https:\/\/www.wikiesfera.org\/en\/wp-json\/wp\/v2\/posts"}],"about":[{"href":"https:\/\/www.wikiesfera.org\/en\/wp-json\/wp\/v2\/types\/post"}],"author":[{"embeddable":true,"href":"https:\/\/www.wikiesfera.org\/en\/wp-json\/wp\/v2\/users\/1"}],"replies":[{"embeddable":true,"href":"https:\/\/www.wikiesfera.org\/en\/wp-json\/wp\/v2\/comments?post=11631"}],"version-history":[{"count":5,"href":"https:\/\/www.wikiesfera.org\/en\/wp-json\/wp\/v2\/posts\/11631\/revisions"}],"predecessor-version":[{"id":11745,"href":"https:\/\/www.wikiesfera.org\/en\/wp-json\/wp\/v2\/posts\/11631\/revisions\/11745"}],"wp:featuredmedia":[{"embeddable":true,"href":"https:\/\/www.wikiesfera.org\/en\/wp-json\/wp\/v2\/media\/5343"}],"wp:attachment":[{"href":"https:\/\/www.wikiesfera.org\/en\/wp-json\/wp\/v2\/media?parent=11631"}],"wp:term":[{"taxonomy":"category","embeddable":true,"href":"https:\/\/www.wikiesfera.org\/en\/wp-json\/wp\/v2\/categories?post=11631"},{"taxonomy":"post_tag","embeddable":true,"href":"https:\/\/www.wikiesfera.org\/en\/wp-json\/wp\/v2\/tags?post=11631"}],"curies":[{"name":"wp","href":"https:\/\/api.w.org\/{rel}","templated":true}]}}